{"id":10058,"date":"2019-02-11T22:21:18","date_gmt":"2019-02-11T21:21:18","guid":{"rendered":"http:\/\/www.flyerswels.at\/portal\/?p=10058"},"modified":"2019-02-12T00:40:40","modified_gmt":"2019-02-11T23:40:40","slug":"auch-unsere-u19-ueberzeugt-in-graz","status":"publish","type":"post","link":"https:\/\/www.flyerswels.at\/portal\/auch-unsere-u19-ueberzeugt-in-graz\/","title":{"rendered":"Auch unsere U19 \u00fcberzeugt in Graz"},"content":{"rendered":"\n<p>Einen Tag nach dem Sieg in der Verl\u00e4ngerung der Bundesliga, bestritt die Raiffeisen FLYERS-U19 in Graz ihr Ausw\u00e4rtsspiel. Der Gro\u00dfteil der U19, die auch Teil des Bundesliga-Kaders ist, verbrachte die Nacht von Samstag auf Sonntag in Graz zur besseren Spielvorbereitung. Dies sollte sich sp\u00e4ter bezahlt machen.<\/p>\n\n\n\n<p>Zu Beginn verlief das Spiel ausgeglichen. Offensiv zeigten beide Teams stark auf, aber die Defensive war auf beiden Seiten ausbauf\u00e4hig. Nach f\u00fcnf Minuten begannen die Grazer Gastgeber das Geschehen ein wenig besser zu kontrollieren. Aus drei 3-Punkte-W\u00fcrfen in Folge konnten sie ihre F\u00fchrung absichern und da die Welser keine Stopps erzielen konnten, leuchtete in der ersten Viertelpause ein 24:18 von der Anzeigetafel.&nbsp;<\/p>\n\n\n\n<p>Im zweiten Abschnitt ein unver\u00e4ndertes Bild. Die Verteidigung schien an diesem Tag nicht von Relevanz zu sein. Graz scorte aus W\u00fcrfen oder \u00fcber Dribblings zum Korb. Die Raiffeisen FLYERS Wels konnten mit Tempo und vor allem mit der Aggressivit\u00e4t von Gavrilo Tepic punkten. Zur Halbzeit war der R\u00fcckstand dennoch 49:42. Man wusste aber, dass man \u00fcber eine andere Intensit\u00e4t in der zweiten H\u00e4lfte dieses Spiel drehen kann.<br>So schickte Coach Grazzini die jungen Raiffeisen FLYERS mit einer giftigen Zonen-Verteidigung zur\u00fcck auf das Spielfeld. Die Wirkung sollte nicht ausbleiben. Der R\u00fcckstand wurde sofort nach der Pause aufgeholt und der sp\u00e4tere Top-Scorer auf Seiten der Welser, Nikola Letic, erzielte innerhalb k\u00fcrzester Zeit vier \u201e3er&#8221; und 14 Punkte im dritten Viertel. Zwischenzeitlich wurde auch die F\u00fchrung \u00fcbernommen, aber vor den letzten zehn Minuten stand es 69:69.<\/p>\n\n\n\n<p>Hier startete Graz wiederum besser. Durch st\u00e4ndige Fouls waren die Gastgeber schnell an der Freiwurflinie, Wels konnte sich die leichten Punkte jedoch nicht abholen. 18:3-Freiwurfm\u00f6glichkeiten im letzten Viertel schienen eine Vorentscheidung f\u00fcr Graz zu bringen. Da die Raiffeisen FLYERS Juniors aber nicht aufsteckten und den Druck hochhielten, zitterte das eine oder andere Mal das H\u00e4ndchen und man konnte bis zur letzten Minute in Schlagdistanz bleiben. 30 Sekunden vor Schluss betrug der R\u00fcckstand drei Punkte. Nach einer Auszeit traf Danilo Tepic einen schwierigen 3-Punkte-Wurf aus der Ecke. Graz konterte mit Tempo und zog aggressiv zum Korb. Ein Foul bedeutete zwei Freiw\u00fcrfe f\u00fcr Graz bei noch 12 Sekunden. Nachdem der erste Wurf getroffen, aber der zweite vergeben wurde, gelang den Raiffeisen FLYERS erstmalig ein sicherer Rebound im Spiel. Elvir Jakupovic (7 Assists) leitete den letzten Angriff ein. Abermals fand er Danilo Tepic, der sofort wieder abdr\u00fcckte und den Game-Winner erfolgreich zum 88:86 versenkte. <\/p>\n\n\n\n<p>Wir gratulieren unserer U19 zu dieser k\u00e4mpferischen Leistung und danken den zahlreich mitgereisten Familienmitgliedern, die unsere Jungs in Graz so tatkr\u00e4ftig unterst\u00fctzten &#8211; ebenso wie unser Bundesliga Spieler Addison Spruill. <br><\/p>\n\n\n\n<p>Scorer der Welser: Letic 31, Tepic G. 17 (5 Asts), Jakupovic 13 (7 Asts), Tepic D. 11, Koka 9 (9 Rebs), Waser 5, Sonntagbauer 2<\/p>\n","protected":false},"excerpt":{"rendered":"<p>Einen Tag nach dem Sieg in der Verl\u00e4ngerung der Bundesliga, bestritt die Raiffeisen FLYERS-U19 in Graz ihr Ausw\u00e4rtsspiel. Der Gro\u00dfteil der U19, die auch Teil des Bundesliga-Kaders ist, verbrachte die Nacht von Samstag auf Sonntag in Graz zur besseren Spielvorbereitung. Dies sollte sich sp\u00e4ter bezahlt machen. Zu Beginn verlief das Spiel ausgeglichen. Offensiv zeigten beide [&hellip;]<\/p>\n","protected":false},"author":14,"featured_media":10059,"comment_status":"closed","ping_status":"closed","sticky":false,"template":"","format":"standard","meta":{"footnotes":""},"categories":[395],"tags":[],"class_list":["post-10058","post","type-post","status-publish","format-standard","has-post-thumbnail","hentry","category-flyers-wels-news"],"yoast_head":"<!-- This site is optimized with the Yoast SEO plugin v26.0 - https:\/\/yoast.com\/wordpress\/plugins\/seo\/ -->\n<title>Auch unsere U19 \u00fcberzeugt in Graz - FlyersWELS - Raiffeisen Flyers Wels<\/title>\n<meta name=\"robots\" content=\"index, follow, max-snippet:-1, max-image-preview:large, max-video-preview:-1\" \/>\n<link rel=\"canonical\" href=\"https:\/\/www.flyerswels.at\/portal\/auch-unsere-u19-ueberzeugt-in-graz\/\" \/>\n<meta property=\"og:locale\" content=\"de_DE\" \/>\n<meta property=\"og:type\" content=\"article\" \/>\n<meta property=\"og:title\" content=\"Auch unsere U19 \u00fcberzeugt in Graz - FlyersWELS - Raiffeisen Flyers Wels\" \/>\n<meta property=\"og:description\" content=\"Einen Tag nach dem Sieg in der Verl\u00e4ngerung der Bundesliga, bestritt die Raiffeisen FLYERS-U19 in Graz ihr Ausw\u00e4rtsspiel. Der Gro\u00dfteil der U19, die auch Teil des Bundesliga-Kaders ist, verbrachte die Nacht von Samstag auf Sonntag in Graz zur besseren Spielvorbereitung. Dies sollte sich sp\u00e4ter bezahlt machen. Zu Beginn verlief das Spiel ausgeglichen. Offensiv zeigten beide [&hellip;]\" \/>\n<meta property=\"og:url\" content=\"https:\/\/www.flyerswels.at\/portal\/auch-unsere-u19-ueberzeugt-in-graz\/\" \/>\n<meta property=\"og:site_name\" content=\"FlyersWELS - Raiffeisen Flyers Wels\" \/>\n<meta property=\"article:publisher\" content=\"https:\/\/www.facebook.com\/wbcwels\/\" \/>\n<meta property=\"article:published_time\" content=\"2019-02-11T21:21:18+00:00\" \/>\n<meta property=\"article:modified_time\" content=\"2019-02-11T23:40:40+00:00\" \/>\n<meta property=\"og:image\" content=\"https:\/\/www.flyerswels.at\/portal\/wp-content\/uploads\/2019\/02\/51710884_2058493697564135_7577955248120004608_o.jpg\" \/>\n\t<meta property=\"og:image:width\" content=\"1400\" \/>\n\t<meta property=\"og:image:height\" content=\"933\" \/>\n\t<meta property=\"og:image:type\" content=\"image\/jpeg\" \/>\n<meta name=\"author\" content=\"FlyersWels\" \/>\n<meta name=\"twitter:card\" content=\"summary_large_image\" \/>\n<meta name=\"twitter:label1\" content=\"Verfasst von\" \/>\n\t<meta name=\"twitter:data1\" content=\"FlyersWels\" \/>\n\t<meta name=\"twitter:label2\" content=\"Gesch\u00e4tzte Lesezeit\" \/>\n\t<meta name=\"twitter:data2\" content=\"2\u00a0Minuten\" \/>\n<script type=\"application\/ld+json\" class=\"yoast-schema-graph\">{\"@context\":\"https:\/\/schema.org\",\"@graph\":[{\"@type\":\"WebPage\",\"@id\":\"https:\/\/www.flyerswels.at\/portal\/auch-unsere-u19-ueberzeugt-in-graz\/\",\"url\":\"https:\/\/www.flyerswels.at\/portal\/auch-unsere-u19-ueberzeugt-in-graz\/\",\"name\":\"Auch unsere U19 \u00fcberzeugt in Graz - FlyersWELS - Raiffeisen Flyers Wels\",\"isPartOf\":{\"@id\":\"https:\/\/www.flyerswels.at\/portal\/#website\"},\"primaryImageOfPage\":{\"@id\":\"https:\/\/www.flyerswels.at\/portal\/auch-unsere-u19-ueberzeugt-in-graz\/#primaryimage\"},\"image\":{\"@id\":\"https:\/\/www.flyerswels.at\/portal\/auch-unsere-u19-ueberzeugt-in-graz\/#primaryimage\"},\"thumbnailUrl\":\"https:\/\/www.flyerswels.at\/portal\/wp-content\/uploads\/2019\/02\/51710884_2058493697564135_7577955248120004608_o.jpg\",\"datePublished\":\"2019-02-11T21:21:18+00:00\",\"dateModified\":\"2019-02-11T23:40:40+00:00\",\"author\":{\"@id\":\"https:\/\/www.flyerswels.at\/portal\/#\/schema\/person\/5538a2e3a6c2fbb267cdc0fb0fe8a40a\"},\"breadcrumb\":{\"@id\":\"https:\/\/www.flyerswels.at\/portal\/auch-unsere-u19-ueberzeugt-in-graz\/#breadcrumb\"},\"inLanguage\":\"de\",\"potentialAction\":[{\"@type\":\"ReadAction\",\"target\":[\"https:\/\/www.flyerswels.at\/portal\/auch-unsere-u19-ueberzeugt-in-graz\/\"]}]},{\"@type\":\"ImageObject\",\"inLanguage\":\"de\",\"@id\":\"https:\/\/www.flyerswels.at\/portal\/auch-unsere-u19-ueberzeugt-in-graz\/#primaryimage\",\"url\":\"https:\/\/www.flyerswels.at\/portal\/wp-content\/uploads\/2019\/02\/51710884_2058493697564135_7577955248120004608_o.jpg\",\"contentUrl\":\"https:\/\/www.flyerswels.at\/portal\/wp-content\/uploads\/2019\/02\/51710884_2058493697564135_7577955248120004608_o.jpg\",\"width\":1400,\"height\":933},{\"@type\":\"BreadcrumbList\",\"@id\":\"https:\/\/www.flyerswels.at\/portal\/auch-unsere-u19-ueberzeugt-in-graz\/#breadcrumb\",\"itemListElement\":[{\"@type\":\"ListItem\",\"position\":1,\"name\":\"Home\",\"item\":\"https:\/\/www.flyerswels.at\/portal\/homepage-2\/\"},{\"@type\":\"ListItem\",\"position\":2,\"name\":\"Auch unsere U19 \u00fcberzeugt in Graz\"}]},{\"@type\":\"WebSite\",\"@id\":\"https:\/\/www.flyerswels.at\/portal\/#website\",\"url\":\"https:\/\/www.flyerswels.at\/portal\/\",\"name\":\"FlyersWELS - Raiffeisen Flyers Wels\",\"description\":\"Die Flyers Wels informieren mit Spielberichten, aktueller Tabelle, Termin\u00fcbersicht und Vorstellung des Kaders. Immer aktuelle News und Fotos.\",\"potentialAction\":[{\"@type\":\"SearchAction\",\"target\":{\"@type\":\"EntryPoint\",\"urlTemplate\":\"https:\/\/www.flyerswels.at\/portal\/?s={search_term_string}\"},\"query-input\":{\"@type\":\"PropertyValueSpecification\",\"valueRequired\":true,\"valueName\":\"search_term_string\"}}],\"inLanguage\":\"de\"},{\"@type\":\"Person\",\"@id\":\"https:\/\/www.flyerswels.at\/portal\/#\/schema\/person\/5538a2e3a6c2fbb267cdc0fb0fe8a40a\",\"name\":\"FlyersWels\",\"url\":\"https:\/\/www.flyerswels.at\/portal\/author\/flyerswels\/\"}]}<\/script>\n<!-- \/ Yoast SEO plugin. -->","yoast_head_json":{"title":"Auch unsere U19 \u00fcberzeugt in Graz - FlyersWELS - Raiffeisen Flyers Wels","robots":{"index":"index","follow":"follow","max-snippet":"max-snippet:-1","max-image-preview":"max-image-preview:large","max-video-preview":"max-video-preview:-1"},"canonical":"https:\/\/www.flyerswels.at\/portal\/auch-unsere-u19-ueberzeugt-in-graz\/","og_locale":"de_DE","og_type":"article","og_title":"Auch unsere U19 \u00fcberzeugt in Graz - FlyersWELS - Raiffeisen Flyers Wels","og_description":"Einen Tag nach dem Sieg in der Verl\u00e4ngerung der Bundesliga, bestritt die Raiffeisen FLYERS-U19 in Graz ihr Ausw\u00e4rtsspiel. Der Gro\u00dfteil der U19, die auch Teil des Bundesliga-Kaders ist, verbrachte die Nacht von Samstag auf Sonntag in Graz zur besseren Spielvorbereitung. Dies sollte sich sp\u00e4ter bezahlt machen. Zu Beginn verlief das Spiel ausgeglichen. Offensiv zeigten beide [&hellip;]","og_url":"https:\/\/www.flyerswels.at\/portal\/auch-unsere-u19-ueberzeugt-in-graz\/","og_site_name":"FlyersWELS - Raiffeisen Flyers Wels","article_publisher":"https:\/\/www.facebook.com\/wbcwels\/","article_published_time":"2019-02-11T21:21:18+00:00","article_modified_time":"2019-02-11T23:40:40+00:00","og_image":[{"width":1400,"height":933,"url":"https:\/\/www.flyerswels.at\/portal\/wp-content\/uploads\/2019\/02\/51710884_2058493697564135_7577955248120004608_o.jpg","type":"image\/jpeg"}],"author":"FlyersWels","twitter_card":"summary_large_image","twitter_misc":{"Verfasst von":"FlyersWels","Gesch\u00e4tzte Lesezeit":"2\u00a0Minuten"},"schema":{"@context":"https:\/\/schema.org","@graph":[{"@type":"WebPage","@id":"https:\/\/www.flyerswels.at\/portal\/auch-unsere-u19-ueberzeugt-in-graz\/","url":"https:\/\/www.flyerswels.at\/portal\/auch-unsere-u19-ueberzeugt-in-graz\/","name":"Auch unsere U19 \u00fcberzeugt in Graz - FlyersWELS - Raiffeisen Flyers Wels","isPartOf":{"@id":"https:\/\/www.flyerswels.at\/portal\/#website"},"primaryImageOfPage":{"@id":"https:\/\/www.flyerswels.at\/portal\/auch-unsere-u19-ueberzeugt-in-graz\/#primaryimage"},"image":{"@id":"https:\/\/www.flyerswels.at\/portal\/auch-unsere-u19-ueberzeugt-in-graz\/#primaryimage"},"thumbnailUrl":"https:\/\/www.flyerswels.at\/portal\/wp-content\/uploads\/2019\/02\/51710884_2058493697564135_7577955248120004608_o.jpg","datePublished":"2019-02-11T21:21:18+00:00","dateModified":"2019-02-11T23:40:40+00:00","author":{"@id":"https:\/\/www.flyerswels.at\/portal\/#\/schema\/person\/5538a2e3a6c2fbb267cdc0fb0fe8a40a"},"breadcrumb":{"@id":"https:\/\/www.flyerswels.at\/portal\/auch-unsere-u19-ueberzeugt-in-graz\/#breadcrumb"},"inLanguage":"de","potentialAction":[{"@type":"ReadAction","target":["https:\/\/www.flyerswels.at\/portal\/auch-unsere-u19-ueberzeugt-in-graz\/"]}]},{"@type":"ImageObject","inLanguage":"de","@id":"https:\/\/www.flyerswels.at\/portal\/auch-unsere-u19-ueberzeugt-in-graz\/#primaryimage","url":"https:\/\/www.flyerswels.at\/portal\/wp-content\/uploads\/2019\/02\/51710884_2058493697564135_7577955248120004608_o.jpg","contentUrl":"https:\/\/www.flyerswels.at\/portal\/wp-content\/uploads\/2019\/02\/51710884_2058493697564135_7577955248120004608_o.jpg","width":1400,"height":933},{"@type":"BreadcrumbList","@id":"https:\/\/www.flyerswels.at\/portal\/auch-unsere-u19-ueberzeugt-in-graz\/#breadcrumb","itemListElement":[{"@type":"ListItem","position":1,"name":"Home","item":"https:\/\/www.flyerswels.at\/portal\/homepage-2\/"},{"@type":"ListItem","position":2,"name":"Auch unsere U19 \u00fcberzeugt in Graz"}]},{"@type":"WebSite","@id":"https:\/\/www.flyerswels.at\/portal\/#website","url":"https:\/\/www.flyerswels.at\/portal\/","name":"FlyersWELS - Raiffeisen Flyers Wels","description":"Die Flyers Wels informieren mit Spielberichten, aktueller Tabelle, Termin\u00fcbersicht und Vorstellung des Kaders. Immer aktuelle News und Fotos.","potentialAction":[{"@type":"SearchAction","target":{"@type":"EntryPoint","urlTemplate":"https:\/\/www.flyerswels.at\/portal\/?s={search_term_string}"},"query-input":{"@type":"PropertyValueSpecification","valueRequired":true,"valueName":"search_term_string"}}],"inLanguage":"de"},{"@type":"Person","@id":"https:\/\/www.flyerswels.at\/portal\/#\/schema\/person\/5538a2e3a6c2fbb267cdc0fb0fe8a40a","name":"FlyersWels","url":"https:\/\/www.flyerswels.at\/portal\/author\/flyerswels\/"}]}},"_links":{"self":[{"href":"https:\/\/www.flyerswels.at\/portal\/wp-json\/wp\/v2\/posts\/10058","targetHints":{"allow":["GET"]}}],"collection":[{"href":"https:\/\/www.flyerswels.at\/portal\/wp-json\/wp\/v2\/posts"}],"about":[{"href":"https:\/\/www.flyerswels.at\/portal\/wp-json\/wp\/v2\/types\/post"}],"author":[{"embeddable":true,"href":"https:\/\/www.flyerswels.at\/portal\/wp-json\/wp\/v2\/users\/14"}],"replies":[{"embeddable":true,"href":"https:\/\/www.flyerswels.at\/portal\/wp-json\/wp\/v2\/comments?post=10058"}],"version-history":[{"count":0,"href":"https:\/\/www.flyerswels.at\/portal\/wp-json\/wp\/v2\/posts\/10058\/revisions"}],"wp:featuredmedia":[{"embeddable":true,"href":"https:\/\/www.flyerswels.at\/portal\/wp-json\/wp\/v2\/media\/10059"}],"wp:attachment":[{"href":"https:\/\/www.flyerswels.at\/portal\/wp-json\/wp\/v2\/media?parent=10058"}],"wp:term":[{"taxonomy":"category","embeddable":true,"href":"https:\/\/www.flyerswels.at\/portal\/wp-json\/wp\/v2\/categories?post=10058"},{"taxonomy":"post_tag","embeddable":true,"href":"https:\/\/www.flyerswels.at\/portal\/wp-json\/wp\/v2\/tags?post=10058"}],"curies":[{"name":"wp","href":"https:\/\/api.w.org\/{rel}","templated":true}]}}