{"id":10082,"date":"2019-02-17T12:20:11","date_gmt":"2019-02-17T11:20:11","guid":{"rendered":"http:\/\/www.flyerswels.at\/portal\/?p=10082"},"modified":"2019-02-17T12:34:24","modified_gmt":"2019-02-17T11:34:24","slug":"raiffeisen-flyers-wels-starten-mit-tabellenplatz-5-in-die-fiba-break","status":"publish","type":"post","link":"https:\/\/www.flyerswels.at\/portal\/raiffeisen-flyers-wels-starten-mit-tabellenplatz-5-in-die-fiba-break\/","title":{"rendered":"Raiffeisen FLYERS Wels starten mit Tabellenplatz 5 in die FIBA-Break"},"content":{"rendered":"\n<p><strong>Acht Siege aus den letzten elf Spielen, der 5. Rang in der Tabelle der Admiral Basketball Bundesliga &#8211; das ist die Bilanz der Raiffeisen FLYERS Wels zu Beginn der FIBA-Break. <\/strong><br>Gleich zwei Spieler aus den Reihen der Welser wurden ins Nationalteam einberufen &#8211; Kapit\u00e4n Davor Lamesic wird mit dem Team Austria gegen Gro\u00dfbritannien antreten (SO, 24.02., 17:00, Multiversum Schwechat) und Dagur Jonsson ist bereits auf dem Weg nach Island, wo Portugal und Belgien als Gegner warten (21.02. H und 24.02. A).<\/p>\n\n\n\n<p>Am gestrigen letzten Spieltag vor der Pause empfingen die Raiffeisen FLYERS Wels die Arkadia Traiskirchen Lions. Die Nieder\u00f6sterreicher mussten zwar abermals ihren Center Jozo Rados vorgeben, doch der zur\u00fcckgekehrte Ramiz Suljanovic lieferte eine sehr beeindruckende Leistung ab. Der 39j\u00e4hrige geb\u00fcrtige Bosnier kam an diesem Abend bei rund 24 Minuten Spielzeit auf 12 Punkte, 4 Rebounds und 3 Assists. Gemeinsam mit dem Traiskirchner Top Scorer Shawn Ray (20 Punkte) versuchte er sich gegen die stark aufspielenden Welser Hausherren zur Wehr zu setzen.<\/p>\n\n\n\n<p>\u00dcber die ersten beiden Viertel hinweg hielten die Raiffeisen FLYERS Wels die Lions stets auf Abstand. Nach einem 26:22 im 1. Viertel, in dem vor allem Erwin Zulic aufspielte (er erzielte zehn seiner elf Punkte in dieser Phase), ging es mit 44:35 in die Halbzeitpause.<\/p>\n\n\n\n<p>Im 3. Spielabschnitt zeigten die Raiffeisen FLYERS, was sie schon \u00fcber die letzten Wochen hinweg ausgezeichnet hatte &#8211; sch\u00f6nen Teambasketball und ein absolutes K\u00e4mpferherz. Die Hausherren erzielten in diesem 3. Viertel doppelt so viele Punkte wie die G\u00e4ste aus Traiskirchen (28-14) und bauten ihre F\u00fchrung damit auf 72:49 aus.<\/p>\n\n\n\n<p>In der Schlussphase dieser Begegnung machten sich dann die Anstrengungen der letzten Wochen bemerkbar, die von vielen Spielen in kurzen Zeitabst\u00e4nden sowie personellen Ausf\u00e4llen gepr\u00e4gt waren. Die Raiffeisen FLYERS Wels lie\u00dfen einen 14:0-Run der Nieder\u00f6sterreicher zu! Erst nach 5,5 gespielten Minuten schrieben die Hausherren an, durch zwei Freiw\u00fcrfe von Addison Spruill (74:63). In den darauffolgenden letzten Spielminuten \u00fcbernahm vor allem Thomas Csebits Verantwortung und b\u00e4umte sich gemeinsam mit seinen Teamkollegen gegen die Aufholjagd der Traiskirchen Lions auf. Schlie\u00dflich konnten die Raiffeisen FLYERS Wels mit 81:72 einen verdienten und \u00fcber weite Strecken des Spiels hinweg souver\u00e4nen Heimsieg feiern und klettern so auf den 5. Tabellenplatz.<\/p>\n\n\n\n<p>Headcoach Sebastian Waser: &#8220;<em>Gratulation an meine Mannschaft, nicht nur zu dem heutigen Sieg, sondern vor allem zu den letzten Wochen! Wir haben uns in der Meisterschaft rechtzeitig wieder selbst ins Spiel gebracht und sind sehr froh, dass wir nun in diesem Tabellenbereich liegen<\/em>.&#8221;<\/p>\n\n\n\n<p>Beste Scorer der Raiffeisen FLYERS Wels: Spruill 20, Lamesic 15 (9 Reb.), Sina 12, Zulic 11, Blazevic 9<br><\/p>\n","protected":false},"excerpt":{"rendered":"<p>Acht Siege aus den letzten elf Spielen, der 5. Rang in der Tabelle der Admiral Basketball Bundesliga &#8211; das ist die Bilanz der Raiffeisen FLYERS Wels zu Beginn der FIBA-Break. Gleich zwei Spieler aus den Reihen der Welser wurden ins Nationalteam einberufen &#8211; Kapit\u00e4n Davor Lamesic wird mit dem Team Austria gegen Gro\u00dfbritannien antreten (SO, [&hellip;]<\/p>\n","protected":false},"author":14,"featured_media":10085,"comment_status":"closed","ping_status":"closed","sticky":false,"template":"","format":"standard","meta":{"footnotes":""},"categories":[395],"tags":[],"class_list":["post-10082","post","type-post","status-publish","format-standard","has-post-thumbnail","hentry","category-flyers-wels-news"],"yoast_head":"<!-- This site is optimized with the Yoast SEO plugin v26.0 - https:\/\/yoast.com\/wordpress\/plugins\/seo\/ -->\n<title>Raiffeisen FLYERS Wels starten mit Tabellenplatz 5 in die FIBA-Break - FlyersWELS - Raiffeisen Flyers Wels<\/title>\n<meta name=\"robots\" content=\"index, follow, max-snippet:-1, max-image-preview:large, max-video-preview:-1\" \/>\n<link rel=\"canonical\" href=\"https:\/\/www.flyerswels.at\/portal\/raiffeisen-flyers-wels-starten-mit-tabellenplatz-5-in-die-fiba-break\/\" \/>\n<meta property=\"og:locale\" content=\"de_DE\" \/>\n<meta property=\"og:type\" content=\"article\" \/>\n<meta property=\"og:title\" content=\"Raiffeisen FLYERS Wels starten mit Tabellenplatz 5 in die FIBA-Break - FlyersWELS - Raiffeisen Flyers Wels\" \/>\n<meta property=\"og:description\" content=\"Acht Siege aus den letzten elf Spielen, der 5. Rang in der Tabelle der Admiral Basketball Bundesliga &#8211; das ist die Bilanz der Raiffeisen FLYERS Wels zu Beginn der FIBA-Break. Gleich zwei Spieler aus den Reihen der Welser wurden ins Nationalteam einberufen &#8211; Kapit\u00e4n Davor Lamesic wird mit dem Team Austria gegen Gro\u00dfbritannien antreten (SO, [&hellip;]\" \/>\n<meta property=\"og:url\" content=\"https:\/\/www.flyerswels.at\/portal\/raiffeisen-flyers-wels-starten-mit-tabellenplatz-5-in-die-fiba-break\/\" \/>\n<meta property=\"og:site_name\" content=\"FlyersWELS - Raiffeisen Flyers Wels\" \/>\n<meta property=\"article:publisher\" content=\"https:\/\/www.facebook.com\/wbcwels\/\" \/>\n<meta property=\"article:published_time\" content=\"2019-02-17T11:20:11+00:00\" \/>\n<meta property=\"article:modified_time\" content=\"2019-02-17T11:34:24+00:00\" \/>\n<meta property=\"og:image\" content=\"https:\/\/www.flyerswels.at\/portal\/wp-content\/uploads\/2019\/02\/Basketball-Raiffeisen-Flyers-Wels-vs-Arkadia-Traiskirchen-Lions-16.02.2019-26-e1550402365157.jpg\" \/>\n\t<meta property=\"og:image:width\" content=\"3200\" \/>\n\t<meta property=\"og:image:height\" content=\"2104\" \/>\n\t<meta property=\"og:image:type\" content=\"image\/jpeg\" \/>\n<meta name=\"author\" content=\"FlyersWels\" \/>\n<meta name=\"twitter:card\" content=\"summary_large_image\" \/>\n<meta name=\"twitter:label1\" content=\"Verfasst von\" \/>\n\t<meta name=\"twitter:data1\" content=\"FlyersWels\" \/>\n\t<meta name=\"twitter:label2\" content=\"Gesch\u00e4tzte Lesezeit\" \/>\n\t<meta name=\"twitter:data2\" content=\"2\u00a0Minuten\" \/>\n<script type=\"application\/ld+json\" class=\"yoast-schema-graph\">{\"@context\":\"https:\/\/schema.org\",\"@graph\":[{\"@type\":\"WebPage\",\"@id\":\"https:\/\/www.flyerswels.at\/portal\/raiffeisen-flyers-wels-starten-mit-tabellenplatz-5-in-die-fiba-break\/\",\"url\":\"https:\/\/www.flyerswels.at\/portal\/raiffeisen-flyers-wels-starten-mit-tabellenplatz-5-in-die-fiba-break\/\",\"name\":\"Raiffeisen FLYERS Wels starten mit Tabellenplatz 5 in die FIBA-Break - FlyersWELS - Raiffeisen Flyers Wels\",\"isPartOf\":{\"@id\":\"https:\/\/www.flyerswels.at\/portal\/#website\"},\"primaryImageOfPage\":{\"@id\":\"https:\/\/www.flyerswels.at\/portal\/raiffeisen-flyers-wels-starten-mit-tabellenplatz-5-in-die-fiba-break\/#primaryimage\"},\"image\":{\"@id\":\"https:\/\/www.flyerswels.at\/portal\/raiffeisen-flyers-wels-starten-mit-tabellenplatz-5-in-die-fiba-break\/#primaryimage\"},\"thumbnailUrl\":\"https:\/\/www.flyerswels.at\/portal\/wp-content\/uploads\/2019\/02\/Basketball-Raiffeisen-Flyers-Wels-vs-Arkadia-Traiskirchen-Lions-16.02.2019-26-e1550402365157.jpg\",\"datePublished\":\"2019-02-17T11:20:11+00:00\",\"dateModified\":\"2019-02-17T11:34:24+00:00\",\"author\":{\"@id\":\"https:\/\/www.flyerswels.at\/portal\/#\/schema\/person\/5538a2e3a6c2fbb267cdc0fb0fe8a40a\"},\"breadcrumb\":{\"@id\":\"https:\/\/www.flyerswels.at\/portal\/raiffeisen-flyers-wels-starten-mit-tabellenplatz-5-in-die-fiba-break\/#breadcrumb\"},\"inLanguage\":\"de\",\"potentialAction\":[{\"@type\":\"ReadAction\",\"target\":[\"https:\/\/www.flyerswels.at\/portal\/raiffeisen-flyers-wels-starten-mit-tabellenplatz-5-in-die-fiba-break\/\"]}]},{\"@type\":\"ImageObject\",\"inLanguage\":\"de\",\"@id\":\"https:\/\/www.flyerswels.at\/portal\/raiffeisen-flyers-wels-starten-mit-tabellenplatz-5-in-die-fiba-break\/#primaryimage\",\"url\":\"https:\/\/www.flyerswels.at\/portal\/wp-content\/uploads\/2019\/02\/Basketball-Raiffeisen-Flyers-Wels-vs-Arkadia-Traiskirchen-Lions-16.02.2019-26-e1550402365157.jpg\",\"contentUrl\":\"https:\/\/www.flyerswels.at\/portal\/wp-content\/uploads\/2019\/02\/Basketball-Raiffeisen-Flyers-Wels-vs-Arkadia-Traiskirchen-Lions-16.02.2019-26-e1550402365157.jpg\",\"width\":3200,\"height\":2104,\"caption\":\"16.02. 2019 Basketball ABL 2018\/19 Grunddurchgang 24. Runde Flyers Wels vs Traiskirchen Lions im Bild Davor Lamesic (#7 Flyers), Aleksandar Andjelkovic (Traiskirchen) Copyright Pictorial \/ H. Dostal office@pictorial.at www.basketball.pictorial.at\"},{\"@type\":\"BreadcrumbList\",\"@id\":\"https:\/\/www.flyerswels.at\/portal\/raiffeisen-flyers-wels-starten-mit-tabellenplatz-5-in-die-fiba-break\/#breadcrumb\",\"itemListElement\":[{\"@type\":\"ListItem\",\"position\":1,\"name\":\"Home\",\"item\":\"https:\/\/www.flyerswels.at\/portal\/homepage-2\/\"},{\"@type\":\"ListItem\",\"position\":2,\"name\":\"Raiffeisen FLYERS Wels starten mit Tabellenplatz 5 in die FIBA-Break\"}]},{\"@type\":\"WebSite\",\"@id\":\"https:\/\/www.flyerswels.at\/portal\/#website\",\"url\":\"https:\/\/www.flyerswels.at\/portal\/\",\"name\":\"FlyersWELS - Raiffeisen Flyers Wels\",\"description\":\"Die Flyers Wels informieren mit Spielberichten, aktueller Tabelle, Termin\u00fcbersicht und Vorstellung des Kaders. Immer aktuelle News und Fotos.\",\"potentialAction\":[{\"@type\":\"SearchAction\",\"target\":{\"@type\":\"EntryPoint\",\"urlTemplate\":\"https:\/\/www.flyerswels.at\/portal\/?s={search_term_string}\"},\"query-input\":{\"@type\":\"PropertyValueSpecification\",\"valueRequired\":true,\"valueName\":\"search_term_string\"}}],\"inLanguage\":\"de\"},{\"@type\":\"Person\",\"@id\":\"https:\/\/www.flyerswels.at\/portal\/#\/schema\/person\/5538a2e3a6c2fbb267cdc0fb0fe8a40a\",\"name\":\"FlyersWels\",\"url\":\"https:\/\/www.flyerswels.at\/portal\/author\/flyerswels\/\"}]}<\/script>\n<!-- \/ Yoast SEO plugin. -->","yoast_head_json":{"title":"Raiffeisen FLYERS Wels starten mit Tabellenplatz 5 in die FIBA-Break - FlyersWELS - Raiffeisen Flyers Wels","robots":{"index":"index","follow":"follow","max-snippet":"max-snippet:-1","max-image-preview":"max-image-preview:large","max-video-preview":"max-video-preview:-1"},"canonical":"https:\/\/www.flyerswels.at\/portal\/raiffeisen-flyers-wels-starten-mit-tabellenplatz-5-in-die-fiba-break\/","og_locale":"de_DE","og_type":"article","og_title":"Raiffeisen FLYERS Wels starten mit Tabellenplatz 5 in die FIBA-Break - FlyersWELS - Raiffeisen Flyers Wels","og_description":"Acht Siege aus den letzten elf Spielen, der 5. Rang in der Tabelle der Admiral Basketball Bundesliga &#8211; das ist die Bilanz der Raiffeisen FLYERS Wels zu Beginn der FIBA-Break. Gleich zwei Spieler aus den Reihen der Welser wurden ins Nationalteam einberufen &#8211; Kapit\u00e4n Davor Lamesic wird mit dem Team Austria gegen Gro\u00dfbritannien antreten (SO, [&hellip;]","og_url":"https:\/\/www.flyerswels.at\/portal\/raiffeisen-flyers-wels-starten-mit-tabellenplatz-5-in-die-fiba-break\/","og_site_name":"FlyersWELS - Raiffeisen Flyers Wels","article_publisher":"https:\/\/www.facebook.com\/wbcwels\/","article_published_time":"2019-02-17T11:20:11+00:00","article_modified_time":"2019-02-17T11:34:24+00:00","og_image":[{"width":3200,"height":2104,"url":"https:\/\/www.flyerswels.at\/portal\/wp-content\/uploads\/2019\/02\/Basketball-Raiffeisen-Flyers-Wels-vs-Arkadia-Traiskirchen-Lions-16.02.2019-26-e1550402365157.jpg","type":"image\/jpeg"}],"author":"FlyersWels","twitter_card":"summary_large_image","twitter_misc":{"Verfasst von":"FlyersWels","Gesch\u00e4tzte Lesezeit":"2\u00a0Minuten"},"schema":{"@context":"https:\/\/schema.org","@graph":[{"@type":"WebPage","@id":"https:\/\/www.flyerswels.at\/portal\/raiffeisen-flyers-wels-starten-mit-tabellenplatz-5-in-die-fiba-break\/","url":"https:\/\/www.flyerswels.at\/portal\/raiffeisen-flyers-wels-starten-mit-tabellenplatz-5-in-die-fiba-break\/","name":"Raiffeisen FLYERS Wels starten mit Tabellenplatz 5 in die FIBA-Break - FlyersWELS - Raiffeisen Flyers Wels","isPartOf":{"@id":"https:\/\/www.flyerswels.at\/portal\/#website"},"primaryImageOfPage":{"@id":"https:\/\/www.flyerswels.at\/portal\/raiffeisen-flyers-wels-starten-mit-tabellenplatz-5-in-die-fiba-break\/#primaryimage"},"image":{"@id":"https:\/\/www.flyerswels.at\/portal\/raiffeisen-flyers-wels-starten-mit-tabellenplatz-5-in-die-fiba-break\/#primaryimage"},"thumbnailUrl":"https:\/\/www.flyerswels.at\/portal\/wp-content\/uploads\/2019\/02\/Basketball-Raiffeisen-Flyers-Wels-vs-Arkadia-Traiskirchen-Lions-16.02.2019-26-e1550402365157.jpg","datePublished":"2019-02-17T11:20:11+00:00","dateModified":"2019-02-17T11:34:24+00:00","author":{"@id":"https:\/\/www.flyerswels.at\/portal\/#\/schema\/person\/5538a2e3a6c2fbb267cdc0fb0fe8a40a"},"breadcrumb":{"@id":"https:\/\/www.flyerswels.at\/portal\/raiffeisen-flyers-wels-starten-mit-tabellenplatz-5-in-die-fiba-break\/#breadcrumb"},"inLanguage":"de","potentialAction":[{"@type":"ReadAction","target":["https:\/\/www.flyerswels.at\/portal\/raiffeisen-flyers-wels-starten-mit-tabellenplatz-5-in-die-fiba-break\/"]}]},{"@type":"ImageObject","inLanguage":"de","@id":"https:\/\/www.flyerswels.at\/portal\/raiffeisen-flyers-wels-starten-mit-tabellenplatz-5-in-die-fiba-break\/#primaryimage","url":"https:\/\/www.flyerswels.at\/portal\/wp-content\/uploads\/2019\/02\/Basketball-Raiffeisen-Flyers-Wels-vs-Arkadia-Traiskirchen-Lions-16.02.2019-26-e1550402365157.jpg","contentUrl":"https:\/\/www.flyerswels.at\/portal\/wp-content\/uploads\/2019\/02\/Basketball-Raiffeisen-Flyers-Wels-vs-Arkadia-Traiskirchen-Lions-16.02.2019-26-e1550402365157.jpg","width":3200,"height":2104,"caption":"16.02. 2019 Basketball ABL 2018\/19 Grunddurchgang 24. Runde Flyers Wels vs Traiskirchen Lions im Bild Davor Lamesic (#7 Flyers), Aleksandar Andjelkovic (Traiskirchen) Copyright Pictorial \/ H. Dostal office@pictorial.at www.basketball.pictorial.at"},{"@type":"BreadcrumbList","@id":"https:\/\/www.flyerswels.at\/portal\/raiffeisen-flyers-wels-starten-mit-tabellenplatz-5-in-die-fiba-break\/#breadcrumb","itemListElement":[{"@type":"ListItem","position":1,"name":"Home","item":"https:\/\/www.flyerswels.at\/portal\/homepage-2\/"},{"@type":"ListItem","position":2,"name":"Raiffeisen FLYERS Wels starten mit Tabellenplatz 5 in die FIBA-Break"}]},{"@type":"WebSite","@id":"https:\/\/www.flyerswels.at\/portal\/#website","url":"https:\/\/www.flyerswels.at\/portal\/","name":"FlyersWELS - Raiffeisen Flyers Wels","description":"Die Flyers Wels informieren mit Spielberichten, aktueller Tabelle, Termin\u00fcbersicht und Vorstellung des Kaders. Immer aktuelle News und Fotos.","potentialAction":[{"@type":"SearchAction","target":{"@type":"EntryPoint","urlTemplate":"https:\/\/www.flyerswels.at\/portal\/?s={search_term_string}"},"query-input":{"@type":"PropertyValueSpecification","valueRequired":true,"valueName":"search_term_string"}}],"inLanguage":"de"},{"@type":"Person","@id":"https:\/\/www.flyerswels.at\/portal\/#\/schema\/person\/5538a2e3a6c2fbb267cdc0fb0fe8a40a","name":"FlyersWels","url":"https:\/\/www.flyerswels.at\/portal\/author\/flyerswels\/"}]}},"_links":{"self":[{"href":"https:\/\/www.flyerswels.at\/portal\/wp-json\/wp\/v2\/posts\/10082","targetHints":{"allow":["GET"]}}],"collection":[{"href":"https:\/\/www.flyerswels.at\/portal\/wp-json\/wp\/v2\/posts"}],"about":[{"href":"https:\/\/www.flyerswels.at\/portal\/wp-json\/wp\/v2\/types\/post"}],"author":[{"embeddable":true,"href":"https:\/\/www.flyerswels.at\/portal\/wp-json\/wp\/v2\/users\/14"}],"replies":[{"embeddable":true,"href":"https:\/\/www.flyerswels.at\/portal\/wp-json\/wp\/v2\/comments?post=10082"}],"version-history":[{"count":0,"href":"https:\/\/www.flyerswels.at\/portal\/wp-json\/wp\/v2\/posts\/10082\/revisions"}],"wp:featuredmedia":[{"embeddable":true,"href":"https:\/\/www.flyerswels.at\/portal\/wp-json\/wp\/v2\/media\/10085"}],"wp:attachment":[{"href":"https:\/\/www.flyerswels.at\/portal\/wp-json\/wp\/v2\/media?parent=10082"}],"wp:term":[{"taxonomy":"category","embeddable":true,"href":"https:\/\/www.flyerswels.at\/portal\/wp-json\/wp\/v2\/categories?post=10082"},{"taxonomy":"post_tag","embeddable":true,"href":"https:\/\/www.flyerswels.at\/portal\/wp-json\/wp\/v2\/tags?post=10082"}],"curies":[{"name":"wp","href":"https:\/\/api.w.org\/{rel}","templated":true}]}}