{"id":10307,"date":"2019-05-16T13:01:16","date_gmt":"2019-05-16T11:01:16","guid":{"rendered":"https:\/\/www.flyerswels.at\/portal\/?p=10307"},"modified":"2019-05-16T14:07:38","modified_gmt":"2019-05-16T12:07:38","slug":"saisonabschluss-fest","status":"publish","type":"post","link":"https:\/\/www.flyerswels.at\/portal\/saisonabschluss-fest\/","title":{"rendered":"Saisonabschluss-Fest"},"content":{"rendered":"\n<p><strong>Am Samstag, 25. Mai 2019, laden die Raiffeisen FLYERS Wels all ihre Fans und ehrenamtlichen MitarbeiterInnen um 16:00 Uhr herzlich zum Saisonabschluss in der Raiffeisen Arena ein.  Zwei Basketballspiele sowie ein gem\u00fctliches Beisammensein mit Mitgliedern unserer Bundesliga-Mannschaft erwarten euch an diesem Tag! <\/strong><\/p>\n\n\n\n<p>Denn an diesem Wochenende richten die Raiffeisen FLYERS das \u00d6MS U19-Final Four in der Raiffeisen Arena aus. Am Samstag starten um 16:00 Uhr unsere U19-Youngsters rund um Elvir Jakupovic und Nikola Letic mit dem Semifinale #1 gegen die Oberwart Gunners U19!! Um 18:00 Uhr folgt dann das Semifinale #2, Vienna D.C. Timberwolves U19 gegen die Klosterneuburg Basket Dukes U19. <br>Auch f\u00fcr das leibliche Wohl ist gesorgt &#8211; am Buffet gibt es Speisen und Getr\u00e4nke von gourmetfein Leberk\u00e4se, Grieskirchner Brauerei und Schnitzelland Wels.  <br><\/p>\n\n\n\n<p>Das spannende Basketballambiente am Samstag, 25. Mai, bietet den perfekten Rahmen, um die Saison gemeinsam mit unseren Fans und Ehrenamtlichen ausklingen zu lassen. Wir freuen uns auf einen tollen Nachmittag und Abend mit euch! <\/p>\n","protected":false},"excerpt":{"rendered":"<p>Am Samstag, 25. Mai 2019, laden die Raiffeisen FLYERS Wels all ihre Fans und ehrenamtlichen MitarbeiterInnen um 16:00 Uhr herzlich zum Saisonabschluss in der Raiffeisen Arena ein. Zwei Basketballspiele sowie ein gem\u00fctliches Beisammensein mit Mitgliedern unserer Bundesliga-Mannschaft erwarten euch an diesem Tag! Denn an diesem Wochenende richten die Raiffeisen FLYERS das \u00d6MS U19-Final Four in [&hellip;]<\/p>\n","protected":false},"author":14,"featured_media":10287,"comment_status":"closed","ping_status":"closed","sticky":false,"template":"","format":"standard","meta":{"footnotes":""},"categories":[395],"tags":[],"class_list":["post-10307","post","type-post","status-publish","format-standard","has-post-thumbnail","hentry","category-flyers-wels-news"],"yoast_head":"<!-- This site is optimized with the Yoast SEO plugin v26.0 - https:\/\/yoast.com\/wordpress\/plugins\/seo\/ -->\n<title>Saisonabschluss-Fest - FlyersWELS - Raiffeisen Flyers Wels<\/title>\n<meta name=\"robots\" content=\"index, follow, max-snippet:-1, max-image-preview:large, max-video-preview:-1\" \/>\n<link rel=\"canonical\" href=\"https:\/\/www.flyerswels.at\/portal\/saisonabschluss-fest\/\" \/>\n<meta property=\"og:locale\" content=\"de_DE\" \/>\n<meta property=\"og:type\" content=\"article\" \/>\n<meta property=\"og:title\" content=\"Saisonabschluss-Fest - FlyersWELS - Raiffeisen Flyers Wels\" \/>\n<meta property=\"og:description\" content=\"Am Samstag, 25. Mai 2019, laden die Raiffeisen FLYERS Wels all ihre Fans und ehrenamtlichen MitarbeiterInnen um 16:00 Uhr herzlich zum Saisonabschluss in der Raiffeisen Arena ein. Zwei Basketballspiele sowie ein gem\u00fctliches Beisammensein mit Mitgliedern unserer Bundesliga-Mannschaft erwarten euch an diesem Tag! Denn an diesem Wochenende richten die Raiffeisen FLYERS das \u00d6MS U19-Final Four in [&hellip;]\" \/>\n<meta property=\"og:url\" content=\"https:\/\/www.flyerswels.at\/portal\/saisonabschluss-fest\/\" \/>\n<meta property=\"og:site_name\" content=\"FlyersWELS - Raiffeisen Flyers Wels\" \/>\n<meta property=\"article:publisher\" content=\"https:\/\/www.facebook.com\/wbcwels\/\" \/>\n<meta property=\"article:published_time\" content=\"2019-05-16T11:01:16+00:00\" \/>\n<meta property=\"article:modified_time\" content=\"2019-05-16T12:07:38+00:00\" \/>\n<meta property=\"og:image\" content=\"https:\/\/www.flyerswels.at\/portal\/wp-content\/uploads\/2019\/05\/IMG_20190505_130146.jpg\" \/>\n\t<meta property=\"og:image:width\" content=\"1779\" \/>\n\t<meta property=\"og:image:height\" content=\"1162\" \/>\n\t<meta property=\"og:image:type\" content=\"image\/jpeg\" \/>\n<meta name=\"author\" content=\"FlyersWels\" \/>\n<meta name=\"twitter:card\" content=\"summary_large_image\" \/>\n<meta name=\"twitter:label1\" content=\"Verfasst von\" \/>\n\t<meta name=\"twitter:data1\" content=\"FlyersWels\" \/>\n\t<meta name=\"twitter:label2\" content=\"Gesch\u00e4tzte Lesezeit\" \/>\n\t<meta name=\"twitter:data2\" content=\"1\u00a0Minute\" \/>\n<script type=\"application\/ld+json\" class=\"yoast-schema-graph\">{\"@context\":\"https:\/\/schema.org\",\"@graph\":[{\"@type\":\"WebPage\",\"@id\":\"https:\/\/www.flyerswels.at\/portal\/saisonabschluss-fest\/\",\"url\":\"https:\/\/www.flyerswels.at\/portal\/saisonabschluss-fest\/\",\"name\":\"Saisonabschluss-Fest - FlyersWELS - Raiffeisen Flyers Wels\",\"isPartOf\":{\"@id\":\"https:\/\/www.flyerswels.at\/portal\/#website\"},\"primaryImageOfPage\":{\"@id\":\"https:\/\/www.flyerswels.at\/portal\/saisonabschluss-fest\/#primaryimage\"},\"image\":{\"@id\":\"https:\/\/www.flyerswels.at\/portal\/saisonabschluss-fest\/#primaryimage\"},\"thumbnailUrl\":\"https:\/\/www.flyerswels.at\/portal\/wp-content\/uploads\/2019\/05\/IMG_20190505_130146.jpg\",\"datePublished\":\"2019-05-16T11:01:16+00:00\",\"dateModified\":\"2019-05-16T12:07:38+00:00\",\"author\":{\"@id\":\"https:\/\/www.flyerswels.at\/portal\/#\/schema\/person\/5538a2e3a6c2fbb267cdc0fb0fe8a40a\"},\"breadcrumb\":{\"@id\":\"https:\/\/www.flyerswels.at\/portal\/saisonabschluss-fest\/#breadcrumb\"},\"inLanguage\":\"de\",\"potentialAction\":[{\"@type\":\"ReadAction\",\"target\":[\"https:\/\/www.flyerswels.at\/portal\/saisonabschluss-fest\/\"]}]},{\"@type\":\"ImageObject\",\"inLanguage\":\"de\",\"@id\":\"https:\/\/www.flyerswels.at\/portal\/saisonabschluss-fest\/#primaryimage\",\"url\":\"https:\/\/www.flyerswels.at\/portal\/wp-content\/uploads\/2019\/05\/IMG_20190505_130146.jpg\",\"contentUrl\":\"https:\/\/www.flyerswels.at\/portal\/wp-content\/uploads\/2019\/05\/IMG_20190505_130146.jpg\",\"width\":1779,\"height\":1162},{\"@type\":\"BreadcrumbList\",\"@id\":\"https:\/\/www.flyerswels.at\/portal\/saisonabschluss-fest\/#breadcrumb\",\"itemListElement\":[{\"@type\":\"ListItem\",\"position\":1,\"name\":\"Home\",\"item\":\"https:\/\/www.flyerswels.at\/portal\/homepage-2\/\"},{\"@type\":\"ListItem\",\"position\":2,\"name\":\"Saisonabschluss-Fest\"}]},{\"@type\":\"WebSite\",\"@id\":\"https:\/\/www.flyerswels.at\/portal\/#website\",\"url\":\"https:\/\/www.flyerswels.at\/portal\/\",\"name\":\"FlyersWELS - Raiffeisen Flyers Wels\",\"description\":\"Die Flyers Wels informieren mit Spielberichten, aktueller Tabelle, Termin\u00fcbersicht und Vorstellung des Kaders. Immer aktuelle News und Fotos.\",\"potentialAction\":[{\"@type\":\"SearchAction\",\"target\":{\"@type\":\"EntryPoint\",\"urlTemplate\":\"https:\/\/www.flyerswels.at\/portal\/?s={search_term_string}\"},\"query-input\":{\"@type\":\"PropertyValueSpecification\",\"valueRequired\":true,\"valueName\":\"search_term_string\"}}],\"inLanguage\":\"de\"},{\"@type\":\"Person\",\"@id\":\"https:\/\/www.flyerswels.at\/portal\/#\/schema\/person\/5538a2e3a6c2fbb267cdc0fb0fe8a40a\",\"name\":\"FlyersWels\",\"url\":\"https:\/\/www.flyerswels.at\/portal\/author\/flyerswels\/\"}]}<\/script>\n<!-- \/ Yoast SEO plugin. -->","yoast_head_json":{"title":"Saisonabschluss-Fest - FlyersWELS - Raiffeisen Flyers Wels","robots":{"index":"index","follow":"follow","max-snippet":"max-snippet:-1","max-image-preview":"max-image-preview:large","max-video-preview":"max-video-preview:-1"},"canonical":"https:\/\/www.flyerswels.at\/portal\/saisonabschluss-fest\/","og_locale":"de_DE","og_type":"article","og_title":"Saisonabschluss-Fest - FlyersWELS - Raiffeisen Flyers Wels","og_description":"Am Samstag, 25. Mai 2019, laden die Raiffeisen FLYERS Wels all ihre Fans und ehrenamtlichen MitarbeiterInnen um 16:00 Uhr herzlich zum Saisonabschluss in der Raiffeisen Arena ein. Zwei Basketballspiele sowie ein gem\u00fctliches Beisammensein mit Mitgliedern unserer Bundesliga-Mannschaft erwarten euch an diesem Tag! Denn an diesem Wochenende richten die Raiffeisen FLYERS das \u00d6MS U19-Final Four in [&hellip;]","og_url":"https:\/\/www.flyerswels.at\/portal\/saisonabschluss-fest\/","og_site_name":"FlyersWELS - Raiffeisen Flyers Wels","article_publisher":"https:\/\/www.facebook.com\/wbcwels\/","article_published_time":"2019-05-16T11:01:16+00:00","article_modified_time":"2019-05-16T12:07:38+00:00","og_image":[{"width":1779,"height":1162,"url":"https:\/\/www.flyerswels.at\/portal\/wp-content\/uploads\/2019\/05\/IMG_20190505_130146.jpg","type":"image\/jpeg"}],"author":"FlyersWels","twitter_card":"summary_large_image","twitter_misc":{"Verfasst von":"FlyersWels","Gesch\u00e4tzte Lesezeit":"1\u00a0Minute"},"schema":{"@context":"https:\/\/schema.org","@graph":[{"@type":"WebPage","@id":"https:\/\/www.flyerswels.at\/portal\/saisonabschluss-fest\/","url":"https:\/\/www.flyerswels.at\/portal\/saisonabschluss-fest\/","name":"Saisonabschluss-Fest - FlyersWELS - Raiffeisen Flyers Wels","isPartOf":{"@id":"https:\/\/www.flyerswels.at\/portal\/#website"},"primaryImageOfPage":{"@id":"https:\/\/www.flyerswels.at\/portal\/saisonabschluss-fest\/#primaryimage"},"image":{"@id":"https:\/\/www.flyerswels.at\/portal\/saisonabschluss-fest\/#primaryimage"},"thumbnailUrl":"https:\/\/www.flyerswels.at\/portal\/wp-content\/uploads\/2019\/05\/IMG_20190505_130146.jpg","datePublished":"2019-05-16T11:01:16+00:00","dateModified":"2019-05-16T12:07:38+00:00","author":{"@id":"https:\/\/www.flyerswels.at\/portal\/#\/schema\/person\/5538a2e3a6c2fbb267cdc0fb0fe8a40a"},"breadcrumb":{"@id":"https:\/\/www.flyerswels.at\/portal\/saisonabschluss-fest\/#breadcrumb"},"inLanguage":"de","potentialAction":[{"@type":"ReadAction","target":["https:\/\/www.flyerswels.at\/portal\/saisonabschluss-fest\/"]}]},{"@type":"ImageObject","inLanguage":"de","@id":"https:\/\/www.flyerswels.at\/portal\/saisonabschluss-fest\/#primaryimage","url":"https:\/\/www.flyerswels.at\/portal\/wp-content\/uploads\/2019\/05\/IMG_20190505_130146.jpg","contentUrl":"https:\/\/www.flyerswels.at\/portal\/wp-content\/uploads\/2019\/05\/IMG_20190505_130146.jpg","width":1779,"height":1162},{"@type":"BreadcrumbList","@id":"https:\/\/www.flyerswels.at\/portal\/saisonabschluss-fest\/#breadcrumb","itemListElement":[{"@type":"ListItem","position":1,"name":"Home","item":"https:\/\/www.flyerswels.at\/portal\/homepage-2\/"},{"@type":"ListItem","position":2,"name":"Saisonabschluss-Fest"}]},{"@type":"WebSite","@id":"https:\/\/www.flyerswels.at\/portal\/#website","url":"https:\/\/www.flyerswels.at\/portal\/","name":"FlyersWELS - Raiffeisen Flyers Wels","description":"Die Flyers Wels informieren mit Spielberichten, aktueller Tabelle, Termin\u00fcbersicht und Vorstellung des Kaders. Immer aktuelle News und Fotos.","potentialAction":[{"@type":"SearchAction","target":{"@type":"EntryPoint","urlTemplate":"https:\/\/www.flyerswels.at\/portal\/?s={search_term_string}"},"query-input":{"@type":"PropertyValueSpecification","valueRequired":true,"valueName":"search_term_string"}}],"inLanguage":"de"},{"@type":"Person","@id":"https:\/\/www.flyerswels.at\/portal\/#\/schema\/person\/5538a2e3a6c2fbb267cdc0fb0fe8a40a","name":"FlyersWels","url":"https:\/\/www.flyerswels.at\/portal\/author\/flyerswels\/"}]}},"_links":{"self":[{"href":"https:\/\/www.flyerswels.at\/portal\/wp-json\/wp\/v2\/posts\/10307","targetHints":{"allow":["GET"]}}],"collection":[{"href":"https:\/\/www.flyerswels.at\/portal\/wp-json\/wp\/v2\/posts"}],"about":[{"href":"https:\/\/www.flyerswels.at\/portal\/wp-json\/wp\/v2\/types\/post"}],"author":[{"embeddable":true,"href":"https:\/\/www.flyerswels.at\/portal\/wp-json\/wp\/v2\/users\/14"}],"replies":[{"embeddable":true,"href":"https:\/\/www.flyerswels.at\/portal\/wp-json\/wp\/v2\/comments?post=10307"}],"version-history":[{"count":0,"href":"https:\/\/www.flyerswels.at\/portal\/wp-json\/wp\/v2\/posts\/10307\/revisions"}],"wp:featuredmedia":[{"embeddable":true,"href":"https:\/\/www.flyerswels.at\/portal\/wp-json\/wp\/v2\/media\/10287"}],"wp:attachment":[{"href":"https:\/\/www.flyerswels.at\/portal\/wp-json\/wp\/v2\/media?parent=10307"}],"wp:term":[{"taxonomy":"category","embeddable":true,"href":"https:\/\/www.flyerswels.at\/portal\/wp-json\/wp\/v2\/categories?post=10307"},{"taxonomy":"post_tag","embeddable":true,"href":"https:\/\/www.flyerswels.at\/portal\/wp-json\/wp\/v2\/tags?post=10307"}],"curies":[{"name":"wp","href":"https:\/\/api.w.org\/{rel}","templated":true}]}}