{"id":10359,"date":"2019-05-26T18:36:27","date_gmt":"2019-05-26T16:36:27","guid":{"rendered":"https:\/\/www.flyerswels.at\/portal\/?p=10359"},"modified":"2019-09-12T17:15:54","modified_gmt":"2019-09-12T15:15:54","slug":"raiffeisen-flyers-u19-ist-oesterr-vizemeister","status":"publish","type":"post","link":"https:\/\/www.flyerswels.at\/portal\/raiffeisen-flyers-u19-ist-oesterr-vizemeister\/","title":{"rendered":"Raiffeisen FLYERS U19 ist \u00f6sterr. Vizemeister"},"content":{"rendered":"\r\n<p>Die Raiffeisen FLYERS Wels U19 muss sich im \u00d6MS U19-Finalspiel knapp mit 69:74 gegen die Vienna Timberwolves geschlagen geben.<\/p>\r\n\r\n\r\n\r\n<p>Unsere Jungs haben sich stark pr\u00e4sentiert und d\u00fcrfen sich nun \u00f6sterr. Vizemeister nennen!!<\/p>\r\n\r\n\r\n\r\n<p>Wir gratulieren Gavrilo Tepic, Jonas Sonntagbauer, Eric T\u00fcckmantel, Starlin Inoa Gil, Konstantin Waser, Danilo Tepic, Jonas Steinhofer, Elvir Jakupovic und Nikola Letic!!<\/p>\r\n\r\n\r\n\r\n<h1 class=\"wp-block-heading\">\u00a0<\/h1>\r\n\r\n\r\n\r\n<p>Spielbericht: <br \/>Das Finale zwischen den heimischen Raiffeisen FLYERS Wels und den Vienna D.C. Timberwolves versprach Spannung, nachdem die Spiele im Grunddurchgang geteilt wurden und schon damals ein Niveau zeigten, welches einem Finale w\u00fcrdig sein sollte.<\/p>\r\n\r\n\r\n\r\n<p>So startete auch dieses Spiel mit hoher Intensit\u00e4t. Von Nervosit\u00e4t war nicht zu viel zu erkennen, eher Intensit\u00e4t und klare taktische Vorgaben schienen das Spiel zu beherrschen. Nach f\u00fcnf Minuten lautete es 11:10 f\u00fcr die Raiffeisen FLYERS, die wie schon im Halffinale gleich hochprozentig von der 3er-Linie trafen (9 der ersten 11 Punkte von Downtown). Dann packte die Defense der Welser zu und ein 11:0-Lauf war die Folge, den nur ein 3er von Timberwolve Sison beenden konnte. Bis zum Viertelende setzten sich die Welser Hausherren auf 26:15 ab.<br \/>Nach der Pause zeigten die Timberwolves eine aggressive Zonen-Verteidigung, welche das Spiel der Raiffeisen FLYERS statisch machte &#8211; das Resultat waren schlechte W\u00fcrfe. Aus den Rebounds und Ballgewinnen ergab sich ein erster 8:0-Lauf der Wiener, der direkt von einem weiteren von 3-Punktern bef\u00fctterten 11:0-Run gefolgt war. Die Halbzeit kam dann f\u00fcr die Gastgeber wie gerufen bei 36:42.<\/p>\r\n\r\n\r\n\r\n<p>Auch in H\u00e4lfte zwei \u00fcbernahmen zu Beginn wieder die Timberwolves das Zepter und konnten durch solide, taktisch gute Zonen-Defense auf 14 Punkte davon ziehen. Doch das Spiel war noch nicht entschieden, denn die Raiffeisen FLYERS konnten durch die Tepic-Br\u00fcder das Viertel mit einem 10:1-Lauf beenden und blieben mit 51:57 in Schlagdistanz.<br \/>Die Anfangsphase des vierten Abschnitts pr\u00e4gte der slowakische Timerwolves-Spieler Branislav Balvan, der sp\u00e4tere Final Four-MVP Lukas Reichle legte noch einen 3-Punkter obendrauf. Doch bei +13 wanderten die Gedanken der Wiener wohl schon zur Siegerehrung. In den letzten vier Minuten erzielten sie nur noch zwei Punkte. Die Welser erh\u00f6hten nochmals den Druck und konnten den R\u00fcckstand noch sukzessive verk\u00fcrzen. Zwei wichtige und vermeintlich einfach W\u00fcrfe wollten aber nicht fallen und so kr\u00f6nten sich die Vienna D.C. Timberwolves mit 74:69 zum \u00f6sterreichischen Staatsmeister.<\/p>\r\n\r\n\r\n\r\n<p>Herzliche Gratulation an die verdienten Staatsmeister, die Vienna D.C. Timberwolves und Final Four-MVP Lukas Reichle, sowie dem gesamten Coaching- und Betreuerstab. Der Titel wurde erfolgreich verteidigt und abermals nach Wien geholt.<br \/>Ebenso herzlicher Gl\u00fcckwunsch an die Raiffeisen FLYERS U19. Bereits im zweiten Jahr des Bestehens den Vize-Staatsmeistertitel nach Wels zu holen, ist eine \u00e4u\u00dferst respektable Leistung.<\/p>\r\n","protected":false},"excerpt":{"rendered":"<p>Die Raiffeisen FLYERS Wels U19 muss sich im \u00d6MS U19-Finalspiel knapp mit 69:74 gegen die Vienna Timberwolves geschlagen geben. Unsere Jungs haben sich stark pr\u00e4sentiert und d\u00fcrfen sich nun \u00f6sterr. Vizemeister nennen!! Wir gratulieren Gavrilo Tepic, Jonas Sonntagbauer, Eric T\u00fcckmantel, Starlin Inoa Gil, Konstantin Waser, Danilo Tepic, Jonas Steinhofer, Elvir Jakupovic und Nikola Letic!! \u00a0 [&hellip;]<\/p>\n","protected":false},"author":14,"featured_media":10364,"comment_status":"closed","ping_status":"closed","sticky":false,"template":"","format":"standard","meta":{"footnotes":""},"categories":[396],"tags":[],"class_list":["post-10359","post","type-post","status-publish","format-standard","has-post-thumbnail","hentry","category-flyers-u19"],"yoast_head":"<!-- This site is optimized with the Yoast SEO plugin v26.0 - https:\/\/yoast.com\/wordpress\/plugins\/seo\/ -->\n<title>Raiffeisen FLYERS U19 ist \u00f6sterr. Vizemeister - FlyersWELS - Raiffeisen Flyers Wels<\/title>\n<meta name=\"robots\" content=\"index, follow, max-snippet:-1, max-image-preview:large, max-video-preview:-1\" \/>\n<link rel=\"canonical\" href=\"https:\/\/www.flyerswels.at\/portal\/raiffeisen-flyers-u19-ist-oesterr-vizemeister\/\" \/>\n<meta property=\"og:locale\" content=\"de_DE\" \/>\n<meta property=\"og:type\" content=\"article\" \/>\n<meta property=\"og:title\" content=\"Raiffeisen FLYERS U19 ist \u00f6sterr. Vizemeister - FlyersWELS - Raiffeisen Flyers Wels\" \/>\n<meta property=\"og:description\" content=\"Die Raiffeisen FLYERS Wels U19 muss sich im \u00d6MS U19-Finalspiel knapp mit 69:74 gegen die Vienna Timberwolves geschlagen geben. Unsere Jungs haben sich stark pr\u00e4sentiert und d\u00fcrfen sich nun \u00f6sterr. Vizemeister nennen!! Wir gratulieren Gavrilo Tepic, Jonas Sonntagbauer, Eric T\u00fcckmantel, Starlin Inoa Gil, Konstantin Waser, Danilo Tepic, Jonas Steinhofer, Elvir Jakupovic und Nikola Letic!! \u00a0 [&hellip;]\" \/>\n<meta property=\"og:url\" content=\"https:\/\/www.flyerswels.at\/portal\/raiffeisen-flyers-u19-ist-oesterr-vizemeister\/\" \/>\n<meta property=\"og:site_name\" content=\"FlyersWELS - Raiffeisen Flyers Wels\" \/>\n<meta property=\"article:publisher\" content=\"https:\/\/www.facebook.com\/wbcwels\/\" \/>\n<meta property=\"article:published_time\" content=\"2019-05-26T16:36:27+00:00\" \/>\n<meta property=\"article:modified_time\" content=\"2019-09-12T15:15:54+00:00\" \/>\n<meta property=\"og:image\" content=\"https:\/\/www.flyerswels.at\/portal\/wp-content\/uploads\/2019\/05\/61112784_10156631716287739_219720377855639552_n.jpg\" \/>\n\t<meta property=\"og:image:width\" content=\"960\" \/>\n\t<meta property=\"og:image:height\" content=\"875\" \/>\n\t<meta property=\"og:image:type\" content=\"image\/jpeg\" \/>\n<meta name=\"author\" content=\"FlyersWels\" \/>\n<meta name=\"twitter:card\" content=\"summary_large_image\" \/>\n<meta name=\"twitter:label1\" content=\"Verfasst von\" \/>\n\t<meta name=\"twitter:data1\" content=\"FlyersWels\" \/>\n\t<meta name=\"twitter:label2\" content=\"Gesch\u00e4tzte Lesezeit\" \/>\n\t<meta name=\"twitter:data2\" content=\"2\u00a0Minuten\" \/>\n<script type=\"application\/ld+json\" class=\"yoast-schema-graph\">{\"@context\":\"https:\/\/schema.org\",\"@graph\":[{\"@type\":\"WebPage\",\"@id\":\"https:\/\/www.flyerswels.at\/portal\/raiffeisen-flyers-u19-ist-oesterr-vizemeister\/\",\"url\":\"https:\/\/www.flyerswels.at\/portal\/raiffeisen-flyers-u19-ist-oesterr-vizemeister\/\",\"name\":\"Raiffeisen FLYERS U19 ist \u00f6sterr. Vizemeister - FlyersWELS - Raiffeisen Flyers Wels\",\"isPartOf\":{\"@id\":\"https:\/\/www.flyerswels.at\/portal\/#website\"},\"primaryImageOfPage\":{\"@id\":\"https:\/\/www.flyerswels.at\/portal\/raiffeisen-flyers-u19-ist-oesterr-vizemeister\/#primaryimage\"},\"image\":{\"@id\":\"https:\/\/www.flyerswels.at\/portal\/raiffeisen-flyers-u19-ist-oesterr-vizemeister\/#primaryimage\"},\"thumbnailUrl\":\"https:\/\/www.flyerswels.at\/portal\/wp-content\/uploads\/2019\/05\/61112784_10156631716287739_219720377855639552_n.jpg\",\"datePublished\":\"2019-05-26T16:36:27+00:00\",\"dateModified\":\"2019-09-12T15:15:54+00:00\",\"author\":{\"@id\":\"https:\/\/www.flyerswels.at\/portal\/#\/schema\/person\/5538a2e3a6c2fbb267cdc0fb0fe8a40a\"},\"breadcrumb\":{\"@id\":\"https:\/\/www.flyerswels.at\/portal\/raiffeisen-flyers-u19-ist-oesterr-vizemeister\/#breadcrumb\"},\"inLanguage\":\"de\",\"potentialAction\":[{\"@type\":\"ReadAction\",\"target\":[\"https:\/\/www.flyerswels.at\/portal\/raiffeisen-flyers-u19-ist-oesterr-vizemeister\/\"]}]},{\"@type\":\"ImageObject\",\"inLanguage\":\"de\",\"@id\":\"https:\/\/www.flyerswels.at\/portal\/raiffeisen-flyers-u19-ist-oesterr-vizemeister\/#primaryimage\",\"url\":\"https:\/\/www.flyerswels.at\/portal\/wp-content\/uploads\/2019\/05\/61112784_10156631716287739_219720377855639552_n.jpg\",\"contentUrl\":\"https:\/\/www.flyerswels.at\/portal\/wp-content\/uploads\/2019\/05\/61112784_10156631716287739_219720377855639552_n.jpg\",\"width\":960,\"height\":875},{\"@type\":\"BreadcrumbList\",\"@id\":\"https:\/\/www.flyerswels.at\/portal\/raiffeisen-flyers-u19-ist-oesterr-vizemeister\/#breadcrumb\",\"itemListElement\":[{\"@type\":\"ListItem\",\"position\":1,\"name\":\"Home\",\"item\":\"https:\/\/www.flyerswels.at\/portal\/homepage-2\/\"},{\"@type\":\"ListItem\",\"position\":2,\"name\":\"Raiffeisen FLYERS U19 ist \u00f6sterr. Vizemeister\"}]},{\"@type\":\"WebSite\",\"@id\":\"https:\/\/www.flyerswels.at\/portal\/#website\",\"url\":\"https:\/\/www.flyerswels.at\/portal\/\",\"name\":\"FlyersWELS - Raiffeisen Flyers Wels\",\"description\":\"Die Flyers Wels informieren mit Spielberichten, aktueller Tabelle, Termin\u00fcbersicht und Vorstellung des Kaders. Immer aktuelle News und Fotos.\",\"potentialAction\":[{\"@type\":\"SearchAction\",\"target\":{\"@type\":\"EntryPoint\",\"urlTemplate\":\"https:\/\/www.flyerswels.at\/portal\/?s={search_term_string}\"},\"query-input\":{\"@type\":\"PropertyValueSpecification\",\"valueRequired\":true,\"valueName\":\"search_term_string\"}}],\"inLanguage\":\"de\"},{\"@type\":\"Person\",\"@id\":\"https:\/\/www.flyerswels.at\/portal\/#\/schema\/person\/5538a2e3a6c2fbb267cdc0fb0fe8a40a\",\"name\":\"FlyersWels\",\"url\":\"https:\/\/www.flyerswels.at\/portal\/author\/flyerswels\/\"}]}<\/script>\n<!-- \/ Yoast SEO plugin. -->","yoast_head_json":{"title":"Raiffeisen FLYERS U19 ist \u00f6sterr. Vizemeister - FlyersWELS - Raiffeisen Flyers Wels","robots":{"index":"index","follow":"follow","max-snippet":"max-snippet:-1","max-image-preview":"max-image-preview:large","max-video-preview":"max-video-preview:-1"},"canonical":"https:\/\/www.flyerswels.at\/portal\/raiffeisen-flyers-u19-ist-oesterr-vizemeister\/","og_locale":"de_DE","og_type":"article","og_title":"Raiffeisen FLYERS U19 ist \u00f6sterr. Vizemeister - FlyersWELS - Raiffeisen Flyers Wels","og_description":"Die Raiffeisen FLYERS Wels U19 muss sich im \u00d6MS U19-Finalspiel knapp mit 69:74 gegen die Vienna Timberwolves geschlagen geben. Unsere Jungs haben sich stark pr\u00e4sentiert und d\u00fcrfen sich nun \u00f6sterr. Vizemeister nennen!! Wir gratulieren Gavrilo Tepic, Jonas Sonntagbauer, Eric T\u00fcckmantel, Starlin Inoa Gil, Konstantin Waser, Danilo Tepic, Jonas Steinhofer, Elvir Jakupovic und Nikola Letic!! \u00a0 [&hellip;]","og_url":"https:\/\/www.flyerswels.at\/portal\/raiffeisen-flyers-u19-ist-oesterr-vizemeister\/","og_site_name":"FlyersWELS - Raiffeisen Flyers Wels","article_publisher":"https:\/\/www.facebook.com\/wbcwels\/","article_published_time":"2019-05-26T16:36:27+00:00","article_modified_time":"2019-09-12T15:15:54+00:00","og_image":[{"width":960,"height":875,"url":"https:\/\/www.flyerswels.at\/portal\/wp-content\/uploads\/2019\/05\/61112784_10156631716287739_219720377855639552_n.jpg","type":"image\/jpeg"}],"author":"FlyersWels","twitter_card":"summary_large_image","twitter_misc":{"Verfasst von":"FlyersWels","Gesch\u00e4tzte Lesezeit":"2\u00a0Minuten"},"schema":{"@context":"https:\/\/schema.org","@graph":[{"@type":"WebPage","@id":"https:\/\/www.flyerswels.at\/portal\/raiffeisen-flyers-u19-ist-oesterr-vizemeister\/","url":"https:\/\/www.flyerswels.at\/portal\/raiffeisen-flyers-u19-ist-oesterr-vizemeister\/","name":"Raiffeisen FLYERS U19 ist \u00f6sterr. Vizemeister - FlyersWELS - Raiffeisen Flyers Wels","isPartOf":{"@id":"https:\/\/www.flyerswels.at\/portal\/#website"},"primaryImageOfPage":{"@id":"https:\/\/www.flyerswels.at\/portal\/raiffeisen-flyers-u19-ist-oesterr-vizemeister\/#primaryimage"},"image":{"@id":"https:\/\/www.flyerswels.at\/portal\/raiffeisen-flyers-u19-ist-oesterr-vizemeister\/#primaryimage"},"thumbnailUrl":"https:\/\/www.flyerswels.at\/portal\/wp-content\/uploads\/2019\/05\/61112784_10156631716287739_219720377855639552_n.jpg","datePublished":"2019-05-26T16:36:27+00:00","dateModified":"2019-09-12T15:15:54+00:00","author":{"@id":"https:\/\/www.flyerswels.at\/portal\/#\/schema\/person\/5538a2e3a6c2fbb267cdc0fb0fe8a40a"},"breadcrumb":{"@id":"https:\/\/www.flyerswels.at\/portal\/raiffeisen-flyers-u19-ist-oesterr-vizemeister\/#breadcrumb"},"inLanguage":"de","potentialAction":[{"@type":"ReadAction","target":["https:\/\/www.flyerswels.at\/portal\/raiffeisen-flyers-u19-ist-oesterr-vizemeister\/"]}]},{"@type":"ImageObject","inLanguage":"de","@id":"https:\/\/www.flyerswels.at\/portal\/raiffeisen-flyers-u19-ist-oesterr-vizemeister\/#primaryimage","url":"https:\/\/www.flyerswels.at\/portal\/wp-content\/uploads\/2019\/05\/61112784_10156631716287739_219720377855639552_n.jpg","contentUrl":"https:\/\/www.flyerswels.at\/portal\/wp-content\/uploads\/2019\/05\/61112784_10156631716287739_219720377855639552_n.jpg","width":960,"height":875},{"@type":"BreadcrumbList","@id":"https:\/\/www.flyerswels.at\/portal\/raiffeisen-flyers-u19-ist-oesterr-vizemeister\/#breadcrumb","itemListElement":[{"@type":"ListItem","position":1,"name":"Home","item":"https:\/\/www.flyerswels.at\/portal\/homepage-2\/"},{"@type":"ListItem","position":2,"name":"Raiffeisen FLYERS U19 ist \u00f6sterr. Vizemeister"}]},{"@type":"WebSite","@id":"https:\/\/www.flyerswels.at\/portal\/#website","url":"https:\/\/www.flyerswels.at\/portal\/","name":"FlyersWELS - Raiffeisen Flyers Wels","description":"Die Flyers Wels informieren mit Spielberichten, aktueller Tabelle, Termin\u00fcbersicht und Vorstellung des Kaders. Immer aktuelle News und Fotos.","potentialAction":[{"@type":"SearchAction","target":{"@type":"EntryPoint","urlTemplate":"https:\/\/www.flyerswels.at\/portal\/?s={search_term_string}"},"query-input":{"@type":"PropertyValueSpecification","valueRequired":true,"valueName":"search_term_string"}}],"inLanguage":"de"},{"@type":"Person","@id":"https:\/\/www.flyerswels.at\/portal\/#\/schema\/person\/5538a2e3a6c2fbb267cdc0fb0fe8a40a","name":"FlyersWels","url":"https:\/\/www.flyerswels.at\/portal\/author\/flyerswels\/"}]}},"_links":{"self":[{"href":"https:\/\/www.flyerswels.at\/portal\/wp-json\/wp\/v2\/posts\/10359","targetHints":{"allow":["GET"]}}],"collection":[{"href":"https:\/\/www.flyerswels.at\/portal\/wp-json\/wp\/v2\/posts"}],"about":[{"href":"https:\/\/www.flyerswels.at\/portal\/wp-json\/wp\/v2\/types\/post"}],"author":[{"embeddable":true,"href":"https:\/\/www.flyerswels.at\/portal\/wp-json\/wp\/v2\/users\/14"}],"replies":[{"embeddable":true,"href":"https:\/\/www.flyerswels.at\/portal\/wp-json\/wp\/v2\/comments?post=10359"}],"version-history":[{"count":0,"href":"https:\/\/www.flyerswels.at\/portal\/wp-json\/wp\/v2\/posts\/10359\/revisions"}],"wp:featuredmedia":[{"embeddable":true,"href":"https:\/\/www.flyerswels.at\/portal\/wp-json\/wp\/v2\/media\/10364"}],"wp:attachment":[{"href":"https:\/\/www.flyerswels.at\/portal\/wp-json\/wp\/v2\/media?parent=10359"}],"wp:term":[{"taxonomy":"category","embeddable":true,"href":"https:\/\/www.flyerswels.at\/portal\/wp-json\/wp\/v2\/categories?post=10359"},{"taxonomy":"post_tag","embeddable":true,"href":"https:\/\/www.flyerswels.at\/portal\/wp-json\/wp\/v2\/tags?post=10359"}],"curies":[{"name":"wp","href":"https:\/\/api.w.org\/{rel}","templated":true}]}}