{"id":10750,"date":"2019-10-13T15:15:20","date_gmt":"2019-10-13T13:15:20","guid":{"rendered":"https:\/\/www.flyerswels.at\/portal\/?p=10750"},"modified":"2019-10-13T15:15:35","modified_gmt":"2019-10-13T13:15:35","slug":"erste-saisonniederlage-fuer-raiffeisen-flyers","status":"publish","type":"post","link":"https:\/\/www.flyerswels.at\/portal\/erste-saisonniederlage-fuer-raiffeisen-flyers\/","title":{"rendered":"Erste Saisonniederlage f\u00fcr die Raiffeisen FLYERS"},"content":{"rendered":"<p><strong>UNGER STEEL Gunners Oberwart vs. Raiffeisen Flyers Wels &#8211; 84:73 (22:20, 42:39, 65:55)<\/strong><br \/>\n<strong>12. Oktober 2019<\/strong><\/p>\n<p>Ohne Tilo Klette, Erwin Zulic und Jarvis Ray hielt Wels in Oberwart voll mit. Immer wieder fanden die Ober\u00f6sterreicher Davor Lamesic, der unter dem Korb abschloss oder den Ball gut weiterbewegte. Auf der anderen Seite agierten die Gunners mit gewohnt viel Energie, vor allem Lawrence Alexander setzte sich immer wieder in Szene. Der US-Guard traf seine ersten sechs W\u00fcrfe aus dem Feld, f\u00fchrte Oberwart so zu einer zwischenzeitlichen 39:31-F\u00fchrung, die bis zur Pause aber wieder auf 42:39 schmolz.<\/p>\n<p>Doch Alexanders hei\u00dfes H\u00e4ndchen k\u00fchlte auch in der Kabine nicht ab. Gleich in der Anfangsphase der zweiten Halbzeit netzte er zwei Dreier, die den Gunners eine Zehn-Punkte-F\u00fchrung einbrachten. Aufseiten der Welser schlichen sich hingegen immer mehr Fehler ein. Alleine in den ersten drei Vierteln (65:55) fabrizierten die Raiffeisen FLYERS 16 Turnover. Weil sich offensiv au\u00dferdem nur Lamesic, der mit 25 Punkten lange Alleinunterhalter war, dagegenstemmte und Oberwart den Rebound dominierte (44:34), war f\u00fcr die G\u00e4ste nichts mehr drinnen.<\/p>\n<p>Sebastian Waser, Head Coach Wels: &#8220;<em>Wir haben ordentlich gek\u00e4mpft und alles gegeben. Leider hat uns die kurze Rotation viel Kraft gekostet und die Konzentration hat somit in vielen Situationen etwas gefehlt. Mit nur einem getroffenen Dreier kann man in Oberwart kein Spiel gewinnen<\/em>.&#8221;<\/p>\n<p>Davor Lamesic, Kapit\u00e4n Wels: &#8220;<em>Trotz Verletzungssorgen haben wir ein solides Spiel abgeliefert und k\u00f6nnen durchaus stolz auf die Leistung sein. Gratulation an Oberwart!<\/em>&#8221;<\/p>\n<p>Beste Scorer: Lamesic 25, Jackson 19, Csebits 13, DeLaney und Blazevic je 8<\/p>\n","protected":false},"excerpt":{"rendered":"<p>UNGER STEEL Gunners Oberwart vs. Raiffeisen Flyers Wels &#8211; 84:73 (22:20, 42:39, 65:55) 12. Oktober 2019 Ohne Tilo Klette, Erwin Zulic und Jarvis Ray hielt Wels in Oberwart voll mit. Immer wieder fanden die Ober\u00f6sterreicher Davor Lamesic, der unter dem Korb abschloss oder den Ball gut weiterbewegte. Auf der anderen Seite agierten die Gunners mit [&hellip;]<\/p>\n","protected":false},"author":14,"featured_media":10751,"comment_status":"closed","ping_status":"closed","sticky":false,"template":"","format":"standard","meta":{"footnotes":""},"categories":[395],"tags":[],"class_list":["post-10750","post","type-post","status-publish","format-standard","has-post-thumbnail","hentry","category-flyers-wels-news"],"yoast_head":"<!-- This site is optimized with the Yoast SEO plugin v26.0 - https:\/\/yoast.com\/wordpress\/plugins\/seo\/ -->\n<title>Erste Saisonniederlage f\u00fcr die Raiffeisen FLYERS - FlyersWELS - Raiffeisen Flyers Wels<\/title>\n<meta name=\"robots\" content=\"index, follow, max-snippet:-1, max-image-preview:large, max-video-preview:-1\" \/>\n<link rel=\"canonical\" href=\"https:\/\/www.flyerswels.at\/portal\/erste-saisonniederlage-fuer-raiffeisen-flyers\/\" \/>\n<meta property=\"og:locale\" content=\"de_DE\" \/>\n<meta property=\"og:type\" content=\"article\" \/>\n<meta property=\"og:title\" content=\"Erste Saisonniederlage f\u00fcr die Raiffeisen FLYERS - FlyersWELS - Raiffeisen Flyers Wels\" \/>\n<meta property=\"og:description\" content=\"UNGER STEEL Gunners Oberwart vs. Raiffeisen Flyers Wels &#8211; 84:73 (22:20, 42:39, 65:55) 12. Oktober 2019 Ohne Tilo Klette, Erwin Zulic und Jarvis Ray hielt Wels in Oberwart voll mit. Immer wieder fanden die Ober\u00f6sterreicher Davor Lamesic, der unter dem Korb abschloss oder den Ball gut weiterbewegte. Auf der anderen Seite agierten die Gunners mit [&hellip;]\" \/>\n<meta property=\"og:url\" content=\"https:\/\/www.flyerswels.at\/portal\/erste-saisonniederlage-fuer-raiffeisen-flyers\/\" \/>\n<meta property=\"og:site_name\" content=\"FlyersWELS - Raiffeisen Flyers Wels\" \/>\n<meta property=\"article:publisher\" content=\"https:\/\/www.facebook.com\/wbcwels\/\" \/>\n<meta property=\"article:published_time\" content=\"2019-10-13T13:15:20+00:00\" \/>\n<meta property=\"article:modified_time\" content=\"2019-10-13T13:15:35+00:00\" \/>\n<meta property=\"og:image\" content=\"https:\/\/www.flyerswels.at\/portal\/wp-content\/uploads\/2019\/10\/PRM7464.jpg\" \/>\n\t<meta property=\"og:image:width\" content=\"600\" \/>\n\t<meta property=\"og:image:height\" content=\"338\" \/>\n\t<meta property=\"og:image:type\" content=\"image\/jpeg\" \/>\n<meta name=\"author\" content=\"FlyersWels\" \/>\n<meta name=\"twitter:card\" content=\"summary_large_image\" \/>\n<meta name=\"twitter:label1\" content=\"Verfasst von\" \/>\n\t<meta name=\"twitter:data1\" content=\"FlyersWels\" \/>\n\t<meta name=\"twitter:label2\" content=\"Gesch\u00e4tzte Lesezeit\" \/>\n\t<meta name=\"twitter:data2\" content=\"1\u00a0Minute\" \/>\n<script type=\"application\/ld+json\" class=\"yoast-schema-graph\">{\"@context\":\"https:\/\/schema.org\",\"@graph\":[{\"@type\":\"WebPage\",\"@id\":\"https:\/\/www.flyerswels.at\/portal\/erste-saisonniederlage-fuer-raiffeisen-flyers\/\",\"url\":\"https:\/\/www.flyerswels.at\/portal\/erste-saisonniederlage-fuer-raiffeisen-flyers\/\",\"name\":\"Erste Saisonniederlage f\u00fcr die Raiffeisen FLYERS - FlyersWELS - Raiffeisen Flyers Wels\",\"isPartOf\":{\"@id\":\"https:\/\/www.flyerswels.at\/portal\/#website\"},\"primaryImageOfPage\":{\"@id\":\"https:\/\/www.flyerswels.at\/portal\/erste-saisonniederlage-fuer-raiffeisen-flyers\/#primaryimage\"},\"image\":{\"@id\":\"https:\/\/www.flyerswels.at\/portal\/erste-saisonniederlage-fuer-raiffeisen-flyers\/#primaryimage\"},\"thumbnailUrl\":\"https:\/\/www.flyerswels.at\/portal\/wp-content\/uploads\/2019\/10\/PRM7464.jpg\",\"datePublished\":\"2019-10-13T13:15:20+00:00\",\"dateModified\":\"2019-10-13T13:15:35+00:00\",\"author\":{\"@id\":\"https:\/\/www.flyerswels.at\/portal\/#\/schema\/person\/5538a2e3a6c2fbb267cdc0fb0fe8a40a\"},\"breadcrumb\":{\"@id\":\"https:\/\/www.flyerswels.at\/portal\/erste-saisonniederlage-fuer-raiffeisen-flyers\/#breadcrumb\"},\"inLanguage\":\"de\",\"potentialAction\":[{\"@type\":\"ReadAction\",\"target\":[\"https:\/\/www.flyerswels.at\/portal\/erste-saisonniederlage-fuer-raiffeisen-flyers\/\"]}]},{\"@type\":\"ImageObject\",\"inLanguage\":\"de\",\"@id\":\"https:\/\/www.flyerswels.at\/portal\/erste-saisonniederlage-fuer-raiffeisen-flyers\/#primaryimage\",\"url\":\"https:\/\/www.flyerswels.at\/portal\/wp-content\/uploads\/2019\/10\/PRM7464.jpg\",\"contentUrl\":\"https:\/\/www.flyerswels.at\/portal\/wp-content\/uploads\/2019\/10\/PRM7464.jpg\",\"width\":600,\"height\":338},{\"@type\":\"BreadcrumbList\",\"@id\":\"https:\/\/www.flyerswels.at\/portal\/erste-saisonniederlage-fuer-raiffeisen-flyers\/#breadcrumb\",\"itemListElement\":[{\"@type\":\"ListItem\",\"position\":1,\"name\":\"Home\",\"item\":\"https:\/\/www.flyerswels.at\/portal\/homepage-2\/\"},{\"@type\":\"ListItem\",\"position\":2,\"name\":\"Erste Saisonniederlage f\u00fcr die Raiffeisen FLYERS\"}]},{\"@type\":\"WebSite\",\"@id\":\"https:\/\/www.flyerswels.at\/portal\/#website\",\"url\":\"https:\/\/www.flyerswels.at\/portal\/\",\"name\":\"FlyersWELS - Raiffeisen Flyers Wels\",\"description\":\"Die Flyers Wels informieren mit Spielberichten, aktueller Tabelle, Termin\u00fcbersicht und Vorstellung des Kaders. Immer aktuelle News und Fotos.\",\"potentialAction\":[{\"@type\":\"SearchAction\",\"target\":{\"@type\":\"EntryPoint\",\"urlTemplate\":\"https:\/\/www.flyerswels.at\/portal\/?s={search_term_string}\"},\"query-input\":{\"@type\":\"PropertyValueSpecification\",\"valueRequired\":true,\"valueName\":\"search_term_string\"}}],\"inLanguage\":\"de\"},{\"@type\":\"Person\",\"@id\":\"https:\/\/www.flyerswels.at\/portal\/#\/schema\/person\/5538a2e3a6c2fbb267cdc0fb0fe8a40a\",\"name\":\"FlyersWels\",\"url\":\"https:\/\/www.flyerswels.at\/portal\/author\/flyerswels\/\"}]}<\/script>\n<!-- \/ Yoast SEO plugin. -->","yoast_head_json":{"title":"Erste Saisonniederlage f\u00fcr die Raiffeisen FLYERS - FlyersWELS - Raiffeisen Flyers Wels","robots":{"index":"index","follow":"follow","max-snippet":"max-snippet:-1","max-image-preview":"max-image-preview:large","max-video-preview":"max-video-preview:-1"},"canonical":"https:\/\/www.flyerswels.at\/portal\/erste-saisonniederlage-fuer-raiffeisen-flyers\/","og_locale":"de_DE","og_type":"article","og_title":"Erste Saisonniederlage f\u00fcr die Raiffeisen FLYERS - FlyersWELS - Raiffeisen Flyers Wels","og_description":"UNGER STEEL Gunners Oberwart vs. Raiffeisen Flyers Wels &#8211; 84:73 (22:20, 42:39, 65:55) 12. Oktober 2019 Ohne Tilo Klette, Erwin Zulic und Jarvis Ray hielt Wels in Oberwart voll mit. Immer wieder fanden die Ober\u00f6sterreicher Davor Lamesic, der unter dem Korb abschloss oder den Ball gut weiterbewegte. Auf der anderen Seite agierten die Gunners mit [&hellip;]","og_url":"https:\/\/www.flyerswels.at\/portal\/erste-saisonniederlage-fuer-raiffeisen-flyers\/","og_site_name":"FlyersWELS - Raiffeisen Flyers Wels","article_publisher":"https:\/\/www.facebook.com\/wbcwels\/","article_published_time":"2019-10-13T13:15:20+00:00","article_modified_time":"2019-10-13T13:15:35+00:00","og_image":[{"width":600,"height":338,"url":"https:\/\/www.flyerswels.at\/portal\/wp-content\/uploads\/2019\/10\/PRM7464.jpg","type":"image\/jpeg"}],"author":"FlyersWels","twitter_card":"summary_large_image","twitter_misc":{"Verfasst von":"FlyersWels","Gesch\u00e4tzte Lesezeit":"1\u00a0Minute"},"schema":{"@context":"https:\/\/schema.org","@graph":[{"@type":"WebPage","@id":"https:\/\/www.flyerswels.at\/portal\/erste-saisonniederlage-fuer-raiffeisen-flyers\/","url":"https:\/\/www.flyerswels.at\/portal\/erste-saisonniederlage-fuer-raiffeisen-flyers\/","name":"Erste Saisonniederlage f\u00fcr die Raiffeisen FLYERS - FlyersWELS - Raiffeisen Flyers Wels","isPartOf":{"@id":"https:\/\/www.flyerswels.at\/portal\/#website"},"primaryImageOfPage":{"@id":"https:\/\/www.flyerswels.at\/portal\/erste-saisonniederlage-fuer-raiffeisen-flyers\/#primaryimage"},"image":{"@id":"https:\/\/www.flyerswels.at\/portal\/erste-saisonniederlage-fuer-raiffeisen-flyers\/#primaryimage"},"thumbnailUrl":"https:\/\/www.flyerswels.at\/portal\/wp-content\/uploads\/2019\/10\/PRM7464.jpg","datePublished":"2019-10-13T13:15:20+00:00","dateModified":"2019-10-13T13:15:35+00:00","author":{"@id":"https:\/\/www.flyerswels.at\/portal\/#\/schema\/person\/5538a2e3a6c2fbb267cdc0fb0fe8a40a"},"breadcrumb":{"@id":"https:\/\/www.flyerswels.at\/portal\/erste-saisonniederlage-fuer-raiffeisen-flyers\/#breadcrumb"},"inLanguage":"de","potentialAction":[{"@type":"ReadAction","target":["https:\/\/www.flyerswels.at\/portal\/erste-saisonniederlage-fuer-raiffeisen-flyers\/"]}]},{"@type":"ImageObject","inLanguage":"de","@id":"https:\/\/www.flyerswels.at\/portal\/erste-saisonniederlage-fuer-raiffeisen-flyers\/#primaryimage","url":"https:\/\/www.flyerswels.at\/portal\/wp-content\/uploads\/2019\/10\/PRM7464.jpg","contentUrl":"https:\/\/www.flyerswels.at\/portal\/wp-content\/uploads\/2019\/10\/PRM7464.jpg","width":600,"height":338},{"@type":"BreadcrumbList","@id":"https:\/\/www.flyerswels.at\/portal\/erste-saisonniederlage-fuer-raiffeisen-flyers\/#breadcrumb","itemListElement":[{"@type":"ListItem","position":1,"name":"Home","item":"https:\/\/www.flyerswels.at\/portal\/homepage-2\/"},{"@type":"ListItem","position":2,"name":"Erste Saisonniederlage f\u00fcr die Raiffeisen FLYERS"}]},{"@type":"WebSite","@id":"https:\/\/www.flyerswels.at\/portal\/#website","url":"https:\/\/www.flyerswels.at\/portal\/","name":"FlyersWELS - Raiffeisen Flyers Wels","description":"Die Flyers Wels informieren mit Spielberichten, aktueller Tabelle, Termin\u00fcbersicht und Vorstellung des Kaders. Immer aktuelle News und Fotos.","potentialAction":[{"@type":"SearchAction","target":{"@type":"EntryPoint","urlTemplate":"https:\/\/www.flyerswels.at\/portal\/?s={search_term_string}"},"query-input":{"@type":"PropertyValueSpecification","valueRequired":true,"valueName":"search_term_string"}}],"inLanguage":"de"},{"@type":"Person","@id":"https:\/\/www.flyerswels.at\/portal\/#\/schema\/person\/5538a2e3a6c2fbb267cdc0fb0fe8a40a","name":"FlyersWels","url":"https:\/\/www.flyerswels.at\/portal\/author\/flyerswels\/"}]}},"_links":{"self":[{"href":"https:\/\/www.flyerswels.at\/portal\/wp-json\/wp\/v2\/posts\/10750","targetHints":{"allow":["GET"]}}],"collection":[{"href":"https:\/\/www.flyerswels.at\/portal\/wp-json\/wp\/v2\/posts"}],"about":[{"href":"https:\/\/www.flyerswels.at\/portal\/wp-json\/wp\/v2\/types\/post"}],"author":[{"embeddable":true,"href":"https:\/\/www.flyerswels.at\/portal\/wp-json\/wp\/v2\/users\/14"}],"replies":[{"embeddable":true,"href":"https:\/\/www.flyerswels.at\/portal\/wp-json\/wp\/v2\/comments?post=10750"}],"version-history":[{"count":0,"href":"https:\/\/www.flyerswels.at\/portal\/wp-json\/wp\/v2\/posts\/10750\/revisions"}],"wp:featuredmedia":[{"embeddable":true,"href":"https:\/\/www.flyerswels.at\/portal\/wp-json\/wp\/v2\/media\/10751"}],"wp:attachment":[{"href":"https:\/\/www.flyerswels.at\/portal\/wp-json\/wp\/v2\/media?parent=10750"}],"wp:term":[{"taxonomy":"category","embeddable":true,"href":"https:\/\/www.flyerswels.at\/portal\/wp-json\/wp\/v2\/categories?post=10750"},{"taxonomy":"post_tag","embeddable":true,"href":"https:\/\/www.flyerswels.at\/portal\/wp-json\/wp\/v2\/tags?post=10750"}],"curies":[{"name":"wp","href":"https:\/\/api.w.org\/{rel}","templated":true}]}}