{"id":11514,"date":"2020-07-18T10:06:10","date_gmt":"2020-07-18T08:06:10","guid":{"rendered":"https:\/\/www.flyerswels.at\/portal\/?p=11514"},"modified":"2020-07-18T10:06:10","modified_gmt":"2020-07-18T08:06:10","slug":"assistent-coach-stephan-frost-bleibt-2-weitere-jahre-in-wels","status":"publish","type":"post","link":"https:\/\/www.flyerswels.at\/portal\/assistent-coach-stephan-frost-bleibt-2-weitere-jahre-in-wels\/","title":{"rendered":"Assistent-Coach Stephan Frost bleibt 2 weitere Jahre in Wels"},"content":{"rendered":"<h3>Vertragsverl\u00e4ngerung<\/h3>\n<p>Gerade in dieser schwierigen Phase ist es gelungen mit dem letztj\u00e4hrigen Assistent Coach und Scoutingexperten Stephan Frost eine Einigung f\u00fcr die n\u00e4chsten beiden Jahre zu erzielen.<\/p>\n<p>Stephan liegt das Projekt rund um den Welser Basketball sehr am Herzen und will seine ganze Energie und Erfahrung hier am Standort einbringen.<\/p>\n<p><strong>Obmann Michael Dittrich:<\/strong> &#8220;Wir sind unfassbar dankbar f\u00fcr die bisher gezeigten Taten von Stephan und konnten auch in den Vertragsverhandlungen seine gro\u00dfe Loyalit\u00e4t zum Club eindrucksvoll erkennen. F\u00fcr den Basketball in Wels wird Stephan ein zentraler Punkt und es wird f\u00fcr Jeden eine Freude sein mit ihm zu arbeiten!&#8221;<\/p>\n<p><strong>Stephan Frost:<\/strong> &#8220;Es ist inzwischen wohlbekannt, dass Sebastian, Michael und ich sehr gut zusammen harmonieren und ich mich als die so oft zitierte rechte Hand der beiden in die Belange der Raiffeisen FLYERS einbringen darf. Dadurch arbeiten wir stets mit hohem Einsatz, gegenseitigem Respekt und Geduld konzeptionell zusammen.<br \/>\nWir werden, da bin ich mir sicher, den Standort trotz aller momentanen Widrigkeiten, nachhaltig voranbringen. Aus dem Verst\u00e4ndnis, dass die BSL innerhalb des europ\u00e4ischen Basketballs den Charakter einer Ausbildungsliga besitzt und wir herausragende Trainingsbedingungen in Wels haben, definiert sich unsere Gesch\u00e4ftsstrategie \/ Business Plan beinahe automatisch darin, Basketballer in die gr\u00f6\u00dferen europ\u00e4ischen Ligen zu entsenden. Mein pers\u00f6nliches Ziel ist es, dass nach Novas-Mateo, Spruill, Delaney und Co als die Namen der letzten Jahre, bald auch einheimische Talente diesen Sprung schaffen bzw. ihren Blick in Richtung A-Kader des \u00d6BV richten k\u00f6nnen. Und sollte sich ganz nebenbei auch der Erfolg einer Welser Mannschaft innerhalb der BSL einstellen, so ist das definitiv so angestrebt.&#8221;<\/p>\n","protected":false},"excerpt":{"rendered":"<p>Vertragsverl\u00e4ngerung Gerade in dieser schwierigen Phase ist es gelungen mit dem letztj\u00e4hrigen Assistent Coach und Scoutingexperten Stephan Frost eine Einigung f\u00fcr die n\u00e4chsten beiden Jahre zu erzielen. Stephan liegt das Projekt rund um den Welser Basketball sehr am Herzen und will seine ganze Energie und Erfahrung hier am Standort einbringen. Obmann Michael Dittrich: &#8220;Wir sind [&hellip;]<\/p>\n","protected":false},"author":14,"featured_media":11518,"comment_status":"closed","ping_status":"closed","sticky":false,"template":"","format":"standard","meta":{"footnotes":""},"categories":[1,395],"tags":[],"class_list":["post-11514","post","type-post","status-publish","format-standard","has-post-thumbnail","hentry","category-allgemein","category-flyers-wels-news"],"yoast_head":"<!-- This site is optimized with the Yoast SEO plugin v26.0 - https:\/\/yoast.com\/wordpress\/plugins\/seo\/ -->\n<title>Assistent-Coach Stephan Frost bleibt 2 weitere Jahre in Wels - FlyersWELS - Raiffeisen Flyers Wels<\/title>\n<meta name=\"robots\" content=\"index, follow, max-snippet:-1, max-image-preview:large, max-video-preview:-1\" \/>\n<link rel=\"canonical\" href=\"https:\/\/www.flyerswels.at\/portal\/assistent-coach-stephan-frost-bleibt-2-weitere-jahre-in-wels\/\" \/>\n<meta property=\"og:locale\" content=\"de_DE\" \/>\n<meta property=\"og:type\" content=\"article\" \/>\n<meta property=\"og:title\" content=\"Assistent-Coach Stephan Frost bleibt 2 weitere Jahre in Wels - FlyersWELS - Raiffeisen Flyers Wels\" \/>\n<meta property=\"og:description\" content=\"Vertragsverl\u00e4ngerung Gerade in dieser schwierigen Phase ist es gelungen mit dem letztj\u00e4hrigen Assistent Coach und Scoutingexperten Stephan Frost eine Einigung f\u00fcr die n\u00e4chsten beiden Jahre zu erzielen. Stephan liegt das Projekt rund um den Welser Basketball sehr am Herzen und will seine ganze Energie und Erfahrung hier am Standort einbringen. Obmann Michael Dittrich: &#8220;Wir sind [&hellip;]\" \/>\n<meta property=\"og:url\" content=\"https:\/\/www.flyerswels.at\/portal\/assistent-coach-stephan-frost-bleibt-2-weitere-jahre-in-wels\/\" \/>\n<meta property=\"og:site_name\" content=\"FlyersWELS - Raiffeisen Flyers Wels\" \/>\n<meta property=\"article:publisher\" content=\"https:\/\/www.facebook.com\/wbcwels\/\" \/>\n<meta property=\"article:published_time\" content=\"2020-07-18T08:06:10+00:00\" \/>\n<meta property=\"og:image\" content=\"https:\/\/www.flyerswels.at\/portal\/wp-content\/uploads\/2020\/07\/Frost.jpg\" \/>\n\t<meta property=\"og:image:width\" content=\"800\" \/>\n\t<meta property=\"og:image:height\" content=\"450\" \/>\n\t<meta property=\"og:image:type\" content=\"image\/jpeg\" \/>\n<meta name=\"author\" content=\"FlyersWels\" \/>\n<meta name=\"twitter:card\" content=\"summary_large_image\" \/>\n<meta name=\"twitter:label1\" content=\"Verfasst von\" \/>\n\t<meta name=\"twitter:data1\" content=\"FlyersWels\" \/>\n\t<meta name=\"twitter:label2\" content=\"Gesch\u00e4tzte Lesezeit\" \/>\n\t<meta name=\"twitter:data2\" content=\"1\u00a0Minute\" \/>\n<script type=\"application\/ld+json\" class=\"yoast-schema-graph\">{\"@context\":\"https:\/\/schema.org\",\"@graph\":[{\"@type\":\"WebPage\",\"@id\":\"https:\/\/www.flyerswels.at\/portal\/assistent-coach-stephan-frost-bleibt-2-weitere-jahre-in-wels\/\",\"url\":\"https:\/\/www.flyerswels.at\/portal\/assistent-coach-stephan-frost-bleibt-2-weitere-jahre-in-wels\/\",\"name\":\"Assistent-Coach Stephan Frost bleibt 2 weitere Jahre in Wels - FlyersWELS - Raiffeisen Flyers Wels\",\"isPartOf\":{\"@id\":\"https:\/\/www.flyerswels.at\/portal\/#website\"},\"primaryImageOfPage\":{\"@id\":\"https:\/\/www.flyerswels.at\/portal\/assistent-coach-stephan-frost-bleibt-2-weitere-jahre-in-wels\/#primaryimage\"},\"image\":{\"@id\":\"https:\/\/www.flyerswels.at\/portal\/assistent-coach-stephan-frost-bleibt-2-weitere-jahre-in-wels\/#primaryimage\"},\"thumbnailUrl\":\"https:\/\/www.flyerswels.at\/portal\/wp-content\/uploads\/2020\/07\/Frost.jpg\",\"datePublished\":\"2020-07-18T08:06:10+00:00\",\"author\":{\"@id\":\"https:\/\/www.flyerswels.at\/portal\/#\/schema\/person\/5538a2e3a6c2fbb267cdc0fb0fe8a40a\"},\"breadcrumb\":{\"@id\":\"https:\/\/www.flyerswels.at\/portal\/assistent-coach-stephan-frost-bleibt-2-weitere-jahre-in-wels\/#breadcrumb\"},\"inLanguage\":\"de\",\"potentialAction\":[{\"@type\":\"ReadAction\",\"target\":[\"https:\/\/www.flyerswels.at\/portal\/assistent-coach-stephan-frost-bleibt-2-weitere-jahre-in-wels\/\"]}]},{\"@type\":\"ImageObject\",\"inLanguage\":\"de\",\"@id\":\"https:\/\/www.flyerswels.at\/portal\/assistent-coach-stephan-frost-bleibt-2-weitere-jahre-in-wels\/#primaryimage\",\"url\":\"https:\/\/www.flyerswels.at\/portal\/wp-content\/uploads\/2020\/07\/Frost.jpg\",\"contentUrl\":\"https:\/\/www.flyerswels.at\/portal\/wp-content\/uploads\/2020\/07\/Frost.jpg\",\"width\":800,\"height\":450},{\"@type\":\"BreadcrumbList\",\"@id\":\"https:\/\/www.flyerswels.at\/portal\/assistent-coach-stephan-frost-bleibt-2-weitere-jahre-in-wels\/#breadcrumb\",\"itemListElement\":[{\"@type\":\"ListItem\",\"position\":1,\"name\":\"Home\",\"item\":\"https:\/\/www.flyerswels.at\/portal\/homepage-2\/\"},{\"@type\":\"ListItem\",\"position\":2,\"name\":\"Assistent-Coach Stephan Frost bleibt 2 weitere Jahre in Wels\"}]},{\"@type\":\"WebSite\",\"@id\":\"https:\/\/www.flyerswels.at\/portal\/#website\",\"url\":\"https:\/\/www.flyerswels.at\/portal\/\",\"name\":\"FlyersWELS - Raiffeisen Flyers Wels\",\"description\":\"Die Flyers Wels informieren mit Spielberichten, aktueller Tabelle, Termin\u00fcbersicht und Vorstellung des Kaders. Immer aktuelle News und Fotos.\",\"potentialAction\":[{\"@type\":\"SearchAction\",\"target\":{\"@type\":\"EntryPoint\",\"urlTemplate\":\"https:\/\/www.flyerswels.at\/portal\/?s={search_term_string}\"},\"query-input\":{\"@type\":\"PropertyValueSpecification\",\"valueRequired\":true,\"valueName\":\"search_term_string\"}}],\"inLanguage\":\"de\"},{\"@type\":\"Person\",\"@id\":\"https:\/\/www.flyerswels.at\/portal\/#\/schema\/person\/5538a2e3a6c2fbb267cdc0fb0fe8a40a\",\"name\":\"FlyersWels\",\"url\":\"https:\/\/www.flyerswels.at\/portal\/author\/flyerswels\/\"}]}<\/script>\n<!-- \/ Yoast SEO plugin. -->","yoast_head_json":{"title":"Assistent-Coach Stephan Frost bleibt 2 weitere Jahre in Wels - FlyersWELS - Raiffeisen Flyers Wels","robots":{"index":"index","follow":"follow","max-snippet":"max-snippet:-1","max-image-preview":"max-image-preview:large","max-video-preview":"max-video-preview:-1"},"canonical":"https:\/\/www.flyerswels.at\/portal\/assistent-coach-stephan-frost-bleibt-2-weitere-jahre-in-wels\/","og_locale":"de_DE","og_type":"article","og_title":"Assistent-Coach Stephan Frost bleibt 2 weitere Jahre in Wels - FlyersWELS - Raiffeisen Flyers Wels","og_description":"Vertragsverl\u00e4ngerung Gerade in dieser schwierigen Phase ist es gelungen mit dem letztj\u00e4hrigen Assistent Coach und Scoutingexperten Stephan Frost eine Einigung f\u00fcr die n\u00e4chsten beiden Jahre zu erzielen. Stephan liegt das Projekt rund um den Welser Basketball sehr am Herzen und will seine ganze Energie und Erfahrung hier am Standort einbringen. Obmann Michael Dittrich: &#8220;Wir sind [&hellip;]","og_url":"https:\/\/www.flyerswels.at\/portal\/assistent-coach-stephan-frost-bleibt-2-weitere-jahre-in-wels\/","og_site_name":"FlyersWELS - Raiffeisen Flyers Wels","article_publisher":"https:\/\/www.facebook.com\/wbcwels\/","article_published_time":"2020-07-18T08:06:10+00:00","og_image":[{"width":800,"height":450,"url":"https:\/\/www.flyerswels.at\/portal\/wp-content\/uploads\/2020\/07\/Frost.jpg","type":"image\/jpeg"}],"author":"FlyersWels","twitter_card":"summary_large_image","twitter_misc":{"Verfasst von":"FlyersWels","Gesch\u00e4tzte Lesezeit":"1\u00a0Minute"},"schema":{"@context":"https:\/\/schema.org","@graph":[{"@type":"WebPage","@id":"https:\/\/www.flyerswels.at\/portal\/assistent-coach-stephan-frost-bleibt-2-weitere-jahre-in-wels\/","url":"https:\/\/www.flyerswels.at\/portal\/assistent-coach-stephan-frost-bleibt-2-weitere-jahre-in-wels\/","name":"Assistent-Coach Stephan Frost bleibt 2 weitere Jahre in Wels - FlyersWELS - Raiffeisen Flyers Wels","isPartOf":{"@id":"https:\/\/www.flyerswels.at\/portal\/#website"},"primaryImageOfPage":{"@id":"https:\/\/www.flyerswels.at\/portal\/assistent-coach-stephan-frost-bleibt-2-weitere-jahre-in-wels\/#primaryimage"},"image":{"@id":"https:\/\/www.flyerswels.at\/portal\/assistent-coach-stephan-frost-bleibt-2-weitere-jahre-in-wels\/#primaryimage"},"thumbnailUrl":"https:\/\/www.flyerswels.at\/portal\/wp-content\/uploads\/2020\/07\/Frost.jpg","datePublished":"2020-07-18T08:06:10+00:00","author":{"@id":"https:\/\/www.flyerswels.at\/portal\/#\/schema\/person\/5538a2e3a6c2fbb267cdc0fb0fe8a40a"},"breadcrumb":{"@id":"https:\/\/www.flyerswels.at\/portal\/assistent-coach-stephan-frost-bleibt-2-weitere-jahre-in-wels\/#breadcrumb"},"inLanguage":"de","potentialAction":[{"@type":"ReadAction","target":["https:\/\/www.flyerswels.at\/portal\/assistent-coach-stephan-frost-bleibt-2-weitere-jahre-in-wels\/"]}]},{"@type":"ImageObject","inLanguage":"de","@id":"https:\/\/www.flyerswels.at\/portal\/assistent-coach-stephan-frost-bleibt-2-weitere-jahre-in-wels\/#primaryimage","url":"https:\/\/www.flyerswels.at\/portal\/wp-content\/uploads\/2020\/07\/Frost.jpg","contentUrl":"https:\/\/www.flyerswels.at\/portal\/wp-content\/uploads\/2020\/07\/Frost.jpg","width":800,"height":450},{"@type":"BreadcrumbList","@id":"https:\/\/www.flyerswels.at\/portal\/assistent-coach-stephan-frost-bleibt-2-weitere-jahre-in-wels\/#breadcrumb","itemListElement":[{"@type":"ListItem","position":1,"name":"Home","item":"https:\/\/www.flyerswels.at\/portal\/homepage-2\/"},{"@type":"ListItem","position":2,"name":"Assistent-Coach Stephan Frost bleibt 2 weitere Jahre in Wels"}]},{"@type":"WebSite","@id":"https:\/\/www.flyerswels.at\/portal\/#website","url":"https:\/\/www.flyerswels.at\/portal\/","name":"FlyersWELS - Raiffeisen Flyers Wels","description":"Die Flyers Wels informieren mit Spielberichten, aktueller Tabelle, Termin\u00fcbersicht und Vorstellung des Kaders. Immer aktuelle News und Fotos.","potentialAction":[{"@type":"SearchAction","target":{"@type":"EntryPoint","urlTemplate":"https:\/\/www.flyerswels.at\/portal\/?s={search_term_string}"},"query-input":{"@type":"PropertyValueSpecification","valueRequired":true,"valueName":"search_term_string"}}],"inLanguage":"de"},{"@type":"Person","@id":"https:\/\/www.flyerswels.at\/portal\/#\/schema\/person\/5538a2e3a6c2fbb267cdc0fb0fe8a40a","name":"FlyersWels","url":"https:\/\/www.flyerswels.at\/portal\/author\/flyerswels\/"}]}},"_links":{"self":[{"href":"https:\/\/www.flyerswels.at\/portal\/wp-json\/wp\/v2\/posts\/11514","targetHints":{"allow":["GET"]}}],"collection":[{"href":"https:\/\/www.flyerswels.at\/portal\/wp-json\/wp\/v2\/posts"}],"about":[{"href":"https:\/\/www.flyerswels.at\/portal\/wp-json\/wp\/v2\/types\/post"}],"author":[{"embeddable":true,"href":"https:\/\/www.flyerswels.at\/portal\/wp-json\/wp\/v2\/users\/14"}],"replies":[{"embeddable":true,"href":"https:\/\/www.flyerswels.at\/portal\/wp-json\/wp\/v2\/comments?post=11514"}],"version-history":[{"count":0,"href":"https:\/\/www.flyerswels.at\/portal\/wp-json\/wp\/v2\/posts\/11514\/revisions"}],"wp:featuredmedia":[{"embeddable":true,"href":"https:\/\/www.flyerswels.at\/portal\/wp-json\/wp\/v2\/media\/11518"}],"wp:attachment":[{"href":"https:\/\/www.flyerswels.at\/portal\/wp-json\/wp\/v2\/media?parent=11514"}],"wp:term":[{"taxonomy":"category","embeddable":true,"href":"https:\/\/www.flyerswels.at\/portal\/wp-json\/wp\/v2\/categories?post=11514"},{"taxonomy":"post_tag","embeddable":true,"href":"https:\/\/www.flyerswels.at\/portal\/wp-json\/wp\/v2\/tags?post=11514"}],"curies":[{"name":"wp","href":"https:\/\/api.w.org\/{rel}","templated":true}]}}