{"id":12641,"date":"2021-01-12T08:00:35","date_gmt":"2021-01-12T07:00:35","guid":{"rendered":"https:\/\/www.flyerswels.at\/portal\/?p=12641"},"modified":"2021-01-12T08:08:29","modified_gmt":"2021-01-12T07:08:29","slug":"das-ist-bitter-saisonende-fuer-erwin-zulic","status":"publish","type":"post","link":"https:\/\/www.flyerswels.at\/portal\/das-ist-bitter-saisonende-fuer-erwin-zulic\/","title":{"rendered":"Das ist bitter: Saisonende f\u00fcr Erwin Zulic"},"content":{"rendered":"<p>Was sich in den letzten Wochen bereits abgezeichnet hat, ist leider Realit\u00e4t geworden. Erwin Zulic wird f\u00fcr die restliche Saison dem Team der Raiffeisen Flyers Wels nicht mehr zur Verf\u00fcgung stehen. Mehrere Untersuchungen haben ergeben, dass die H\u00fcftverletzung nur durch einen operativen Eingriff geheilt werden kann. Bei der Verletzung handelt es sich um einen Riss im &#8220;Labrum&#8221;, der Umrahmung der Gelenkspfanne des H\u00fcftgelenkes. Leider hat sich zu dieser Verletzung jetzt auch noch ein schmerzhaftes Knochenmarks\u00f6dem gebildet. \u201eWir w\u00fcnschen ihm auf diesem Wege alles Gute und eine rasche, vollst\u00e4ndige Genesung\u201c, erkl\u00e4rt Flyers Pr\u00e4sident Bernhard Ploier.<\/p>\n<p>Im Laufe der n\u00e4chsten Wochen wird sich Zulic dem notwendigen Eingriff unterziehen. Die Reha und das physikalische Aufbautraining werden zwischen drei und vier Monaten in Anspruch nehmen.<\/p>\n<p>&#8220;Erstmals tut es mir f\u00fcr Erwin pers\u00f6nlich sehr leid. Jeder der ihn kennt, wei\u00df mit wie viel Energie und Leidenschaft er unserem Sport nachgeht. Mit einer Verletzung wie dieser, ist definitiv nicht zu spa\u00dfen. Hier darf auch kein weiteres Risiko eingegangen werden. Aus sportlicher Sicht ist es f\u00fcr ein herber Verlust. Erwin stand in dieser Saison bisher 20 Minuten im Schnitt auf dem Parkett und hat uns vor allem am Rebound und in der Transition sehr viel gegeben. Da wir aus budget\u00e4ren Gr\u00fcnden nicht nachverpflichten k\u00f6nnen, muss die Mannschaft noch weiter zusammenr\u00fccken&#8221; so das Statement von Headcoach Sebastian Waser zum Ausfall.<\/p>\n","protected":false},"excerpt":{"rendered":"<p>Was sich in den letzten Wochen bereits abgezeichnet hat, ist leider Realit\u00e4t geworden. Erwin Zulic wird f\u00fcr die restliche Saison dem Team der Raiffeisen Flyers Wels nicht mehr zur Verf\u00fcgung stehen. Mehrere Untersuchungen haben ergeben, dass die H\u00fcftverletzung nur durch einen operativen Eingriff geheilt werden kann. Bei der Verletzung handelt es sich um einen Riss [&hellip;]<\/p>\n","protected":false},"author":17,"featured_media":12063,"comment_status":"closed","ping_status":"closed","sticky":false,"template":"","format":"standard","meta":{"footnotes":""},"categories":[1,395],"tags":[424,429,432,161,302,412,413],"class_list":["post-12641","post","type-post","status-publish","format-standard","has-post-thumbnail","hentry","category-allgemein","category-flyers-wels-news","tag-karriere","tag-heimspiel-meisterschaft","tag-frost","tag-raiffeisen","tag-zulic","tag-flyers","tag-waser"],"yoast_head":"<!-- This site is optimized with the Yoast SEO plugin v26.0 - https:\/\/yoast.com\/wordpress\/plugins\/seo\/ -->\n<title>Das ist bitter: Saisonende f\u00fcr Erwin Zulic - FlyersWELS - Raiffeisen Flyers Wels<\/title>\n<meta name=\"robots\" content=\"index, follow, max-snippet:-1, max-image-preview:large, max-video-preview:-1\" \/>\n<link rel=\"canonical\" href=\"https:\/\/www.flyerswels.at\/portal\/das-ist-bitter-saisonende-fuer-erwin-zulic\/\" \/>\n<meta property=\"og:locale\" content=\"de_DE\" \/>\n<meta property=\"og:type\" content=\"article\" \/>\n<meta property=\"og:title\" content=\"Das ist bitter: Saisonende f\u00fcr Erwin Zulic - FlyersWELS - Raiffeisen Flyers Wels\" \/>\n<meta property=\"og:description\" content=\"Was sich in den letzten Wochen bereits abgezeichnet hat, ist leider Realit\u00e4t geworden. Erwin Zulic wird f\u00fcr die restliche Saison dem Team der Raiffeisen Flyers Wels nicht mehr zur Verf\u00fcgung stehen. Mehrere Untersuchungen haben ergeben, dass die H\u00fcftverletzung nur durch einen operativen Eingriff geheilt werden kann. Bei der Verletzung handelt es sich um einen Riss [&hellip;]\" \/>\n<meta property=\"og:url\" content=\"https:\/\/www.flyerswels.at\/portal\/das-ist-bitter-saisonende-fuer-erwin-zulic\/\" \/>\n<meta property=\"og:site_name\" content=\"FlyersWELS - Raiffeisen Flyers Wels\" \/>\n<meta property=\"article:publisher\" content=\"https:\/\/www.facebook.com\/wbcwels\/\" \/>\n<meta property=\"article:published_time\" content=\"2021-01-12T07:00:35+00:00\" \/>\n<meta property=\"article:modified_time\" content=\"2021-01-12T07:08:29+00:00\" \/>\n<meta property=\"og:image\" content=\"https:\/\/www.flyerswels.at\/portal\/wp-content\/uploads\/2020\/10\/Basketball_Raiffeisen_Flyers_Wels_vs_Traiskirchen_Lions_41ZulicUWinter.jpg\" \/>\n\t<meta property=\"og:image:width\" content=\"1000\" \/>\n\t<meta property=\"og:image:height\" content=\"668\" \/>\n\t<meta property=\"og:image:type\" content=\"image\/jpeg\" \/>\n<meta name=\"author\" content=\"Gerald\" \/>\n<meta name=\"twitter:card\" content=\"summary_large_image\" \/>\n<meta name=\"twitter:label1\" content=\"Verfasst von\" \/>\n\t<meta name=\"twitter:data1\" content=\"Gerald\" \/>\n\t<meta name=\"twitter:label2\" content=\"Gesch\u00e4tzte Lesezeit\" \/>\n\t<meta name=\"twitter:data2\" content=\"1\u00a0Minute\" \/>\n<script type=\"application\/ld+json\" class=\"yoast-schema-graph\">{\"@context\":\"https:\/\/schema.org\",\"@graph\":[{\"@type\":\"WebPage\",\"@id\":\"https:\/\/www.flyerswels.at\/portal\/das-ist-bitter-saisonende-fuer-erwin-zulic\/\",\"url\":\"https:\/\/www.flyerswels.at\/portal\/das-ist-bitter-saisonende-fuer-erwin-zulic\/\",\"name\":\"Das ist bitter: Saisonende f\u00fcr Erwin Zulic - FlyersWELS - Raiffeisen Flyers Wels\",\"isPartOf\":{\"@id\":\"https:\/\/www.flyerswels.at\/portal\/#website\"},\"primaryImageOfPage\":{\"@id\":\"https:\/\/www.flyerswels.at\/portal\/das-ist-bitter-saisonende-fuer-erwin-zulic\/#primaryimage\"},\"image\":{\"@id\":\"https:\/\/www.flyerswels.at\/portal\/das-ist-bitter-saisonende-fuer-erwin-zulic\/#primaryimage\"},\"thumbnailUrl\":\"https:\/\/www.flyerswels.at\/portal\/wp-content\/uploads\/2020\/10\/Basketball_Raiffeisen_Flyers_Wels_vs_Traiskirchen_Lions_41ZulicUWinter.jpg\",\"datePublished\":\"2021-01-12T07:00:35+00:00\",\"dateModified\":\"2021-01-12T07:08:29+00:00\",\"author\":{\"@id\":\"https:\/\/www.flyerswels.at\/portal\/#\/schema\/person\/0e0a2ae3e74186e2de129b53eda1f370\"},\"breadcrumb\":{\"@id\":\"https:\/\/www.flyerswels.at\/portal\/das-ist-bitter-saisonende-fuer-erwin-zulic\/#breadcrumb\"},\"inLanguage\":\"de\",\"potentialAction\":[{\"@type\":\"ReadAction\",\"target\":[\"https:\/\/www.flyerswels.at\/portal\/das-ist-bitter-saisonende-fuer-erwin-zulic\/\"]}]},{\"@type\":\"ImageObject\",\"inLanguage\":\"de\",\"@id\":\"https:\/\/www.flyerswels.at\/portal\/das-ist-bitter-saisonende-fuer-erwin-zulic\/#primaryimage\",\"url\":\"https:\/\/www.flyerswels.at\/portal\/wp-content\/uploads\/2020\/10\/Basketball_Raiffeisen_Flyers_Wels_vs_Traiskirchen_Lions_41ZulicUWinter.jpg\",\"contentUrl\":\"https:\/\/www.flyerswels.at\/portal\/wp-content\/uploads\/2020\/10\/Basketball_Raiffeisen_Flyers_Wels_vs_Traiskirchen_Lions_41ZulicUWinter.jpg\",\"width\":1000,\"height\":668,\"caption\":\"Foto: pictorial.at\/U.Winter\"},{\"@type\":\"BreadcrumbList\",\"@id\":\"https:\/\/www.flyerswels.at\/portal\/das-ist-bitter-saisonende-fuer-erwin-zulic\/#breadcrumb\",\"itemListElement\":[{\"@type\":\"ListItem\",\"position\":1,\"name\":\"Home\",\"item\":\"https:\/\/www.flyerswels.at\/portal\/homepage-2\/\"},{\"@type\":\"ListItem\",\"position\":2,\"name\":\"Das ist bitter: Saisonende f\u00fcr Erwin Zulic\"}]},{\"@type\":\"WebSite\",\"@id\":\"https:\/\/www.flyerswels.at\/portal\/#website\",\"url\":\"https:\/\/www.flyerswels.at\/portal\/\",\"name\":\"FlyersWELS - Raiffeisen Flyers Wels\",\"description\":\"Die Flyers Wels informieren mit Spielberichten, aktueller Tabelle, Termin\u00fcbersicht und Vorstellung des Kaders. Immer aktuelle News und Fotos.\",\"potentialAction\":[{\"@type\":\"SearchAction\",\"target\":{\"@type\":\"EntryPoint\",\"urlTemplate\":\"https:\/\/www.flyerswels.at\/portal\/?s={search_term_string}\"},\"query-input\":{\"@type\":\"PropertyValueSpecification\",\"valueRequired\":true,\"valueName\":\"search_term_string\"}}],\"inLanguage\":\"de\"},{\"@type\":\"Person\",\"@id\":\"https:\/\/www.flyerswels.at\/portal\/#\/schema\/person\/0e0a2ae3e74186e2de129b53eda1f370\",\"name\":\"Gerald\",\"url\":\"https:\/\/www.flyerswels.at\/portal\/author\/gerald\/\"}]}<\/script>\n<!-- \/ Yoast SEO plugin. -->","yoast_head_json":{"title":"Das ist bitter: Saisonende f\u00fcr Erwin Zulic - FlyersWELS - Raiffeisen Flyers Wels","robots":{"index":"index","follow":"follow","max-snippet":"max-snippet:-1","max-image-preview":"max-image-preview:large","max-video-preview":"max-video-preview:-1"},"canonical":"https:\/\/www.flyerswels.at\/portal\/das-ist-bitter-saisonende-fuer-erwin-zulic\/","og_locale":"de_DE","og_type":"article","og_title":"Das ist bitter: Saisonende f\u00fcr Erwin Zulic - FlyersWELS - Raiffeisen Flyers Wels","og_description":"Was sich in den letzten Wochen bereits abgezeichnet hat, ist leider Realit\u00e4t geworden. Erwin Zulic wird f\u00fcr die restliche Saison dem Team der Raiffeisen Flyers Wels nicht mehr zur Verf\u00fcgung stehen. Mehrere Untersuchungen haben ergeben, dass die H\u00fcftverletzung nur durch einen operativen Eingriff geheilt werden kann. Bei der Verletzung handelt es sich um einen Riss [&hellip;]","og_url":"https:\/\/www.flyerswels.at\/portal\/das-ist-bitter-saisonende-fuer-erwin-zulic\/","og_site_name":"FlyersWELS - Raiffeisen Flyers Wels","article_publisher":"https:\/\/www.facebook.com\/wbcwels\/","article_published_time":"2021-01-12T07:00:35+00:00","article_modified_time":"2021-01-12T07:08:29+00:00","og_image":[{"width":1000,"height":668,"url":"https:\/\/www.flyerswels.at\/portal\/wp-content\/uploads\/2020\/10\/Basketball_Raiffeisen_Flyers_Wels_vs_Traiskirchen_Lions_41ZulicUWinter.jpg","type":"image\/jpeg"}],"author":"Gerald","twitter_card":"summary_large_image","twitter_misc":{"Verfasst von":"Gerald","Gesch\u00e4tzte Lesezeit":"1\u00a0Minute"},"schema":{"@context":"https:\/\/schema.org","@graph":[{"@type":"WebPage","@id":"https:\/\/www.flyerswels.at\/portal\/das-ist-bitter-saisonende-fuer-erwin-zulic\/","url":"https:\/\/www.flyerswels.at\/portal\/das-ist-bitter-saisonende-fuer-erwin-zulic\/","name":"Das ist bitter: Saisonende f\u00fcr Erwin Zulic - FlyersWELS - Raiffeisen Flyers Wels","isPartOf":{"@id":"https:\/\/www.flyerswels.at\/portal\/#website"},"primaryImageOfPage":{"@id":"https:\/\/www.flyerswels.at\/portal\/das-ist-bitter-saisonende-fuer-erwin-zulic\/#primaryimage"},"image":{"@id":"https:\/\/www.flyerswels.at\/portal\/das-ist-bitter-saisonende-fuer-erwin-zulic\/#primaryimage"},"thumbnailUrl":"https:\/\/www.flyerswels.at\/portal\/wp-content\/uploads\/2020\/10\/Basketball_Raiffeisen_Flyers_Wels_vs_Traiskirchen_Lions_41ZulicUWinter.jpg","datePublished":"2021-01-12T07:00:35+00:00","dateModified":"2021-01-12T07:08:29+00:00","author":{"@id":"https:\/\/www.flyerswels.at\/portal\/#\/schema\/person\/0e0a2ae3e74186e2de129b53eda1f370"},"breadcrumb":{"@id":"https:\/\/www.flyerswels.at\/portal\/das-ist-bitter-saisonende-fuer-erwin-zulic\/#breadcrumb"},"inLanguage":"de","potentialAction":[{"@type":"ReadAction","target":["https:\/\/www.flyerswels.at\/portal\/das-ist-bitter-saisonende-fuer-erwin-zulic\/"]}]},{"@type":"ImageObject","inLanguage":"de","@id":"https:\/\/www.flyerswels.at\/portal\/das-ist-bitter-saisonende-fuer-erwin-zulic\/#primaryimage","url":"https:\/\/www.flyerswels.at\/portal\/wp-content\/uploads\/2020\/10\/Basketball_Raiffeisen_Flyers_Wels_vs_Traiskirchen_Lions_41ZulicUWinter.jpg","contentUrl":"https:\/\/www.flyerswels.at\/portal\/wp-content\/uploads\/2020\/10\/Basketball_Raiffeisen_Flyers_Wels_vs_Traiskirchen_Lions_41ZulicUWinter.jpg","width":1000,"height":668,"caption":"Foto: pictorial.at\/U.Winter"},{"@type":"BreadcrumbList","@id":"https:\/\/www.flyerswels.at\/portal\/das-ist-bitter-saisonende-fuer-erwin-zulic\/#breadcrumb","itemListElement":[{"@type":"ListItem","position":1,"name":"Home","item":"https:\/\/www.flyerswels.at\/portal\/homepage-2\/"},{"@type":"ListItem","position":2,"name":"Das ist bitter: Saisonende f\u00fcr Erwin Zulic"}]},{"@type":"WebSite","@id":"https:\/\/www.flyerswels.at\/portal\/#website","url":"https:\/\/www.flyerswels.at\/portal\/","name":"FlyersWELS - Raiffeisen Flyers Wels","description":"Die Flyers Wels informieren mit Spielberichten, aktueller Tabelle, Termin\u00fcbersicht und Vorstellung des Kaders. Immer aktuelle News und Fotos.","potentialAction":[{"@type":"SearchAction","target":{"@type":"EntryPoint","urlTemplate":"https:\/\/www.flyerswels.at\/portal\/?s={search_term_string}"},"query-input":{"@type":"PropertyValueSpecification","valueRequired":true,"valueName":"search_term_string"}}],"inLanguage":"de"},{"@type":"Person","@id":"https:\/\/www.flyerswels.at\/portal\/#\/schema\/person\/0e0a2ae3e74186e2de129b53eda1f370","name":"Gerald","url":"https:\/\/www.flyerswels.at\/portal\/author\/gerald\/"}]}},"_links":{"self":[{"href":"https:\/\/www.flyerswels.at\/portal\/wp-json\/wp\/v2\/posts\/12641","targetHints":{"allow":["GET"]}}],"collection":[{"href":"https:\/\/www.flyerswels.at\/portal\/wp-json\/wp\/v2\/posts"}],"about":[{"href":"https:\/\/www.flyerswels.at\/portal\/wp-json\/wp\/v2\/types\/post"}],"author":[{"embeddable":true,"href":"https:\/\/www.flyerswels.at\/portal\/wp-json\/wp\/v2\/users\/17"}],"replies":[{"embeddable":true,"href":"https:\/\/www.flyerswels.at\/portal\/wp-json\/wp\/v2\/comments?post=12641"}],"version-history":[{"count":0,"href":"https:\/\/www.flyerswels.at\/portal\/wp-json\/wp\/v2\/posts\/12641\/revisions"}],"wp:featuredmedia":[{"embeddable":true,"href":"https:\/\/www.flyerswels.at\/portal\/wp-json\/wp\/v2\/media\/12063"}],"wp:attachment":[{"href":"https:\/\/www.flyerswels.at\/portal\/wp-json\/wp\/v2\/media?parent=12641"}],"wp:term":[{"taxonomy":"category","embeddable":true,"href":"https:\/\/www.flyerswels.at\/portal\/wp-json\/wp\/v2\/categories?post=12641"},{"taxonomy":"post_tag","embeddable":true,"href":"https:\/\/www.flyerswels.at\/portal\/wp-json\/wp\/v2\/tags?post=12641"}],"curies":[{"name":"wp","href":"https:\/\/api.w.org\/{rel}","templated":true}]}}