{"id":15760,"date":"2022-05-02T07:39:09","date_gmt":"2022-05-02T05:39:09","guid":{"rendered":"https:\/\/www.flyerswels.at\/portal\/?p=15760"},"modified":"2022-05-02T12:57:32","modified_gmt":"2022-05-02T10:57:32","slug":"die-flyers-wollen-spiel-v","status":"publish","type":"post","link":"https:\/\/www.flyerswels.at\/portal\/die-flyers-wollen-spiel-v\/","title":{"rendered":"Die FLYERS wollen Spiel V"},"content":{"rendered":"<p>Die Niederlage in Spiel III der Viertelfinalserie gegen die Gmunden Swans hat Spuren hinterlassen. Vor allem bei Jimbo Lull, der die Schlussphase in Gmunden mit einer Knieverletzung verpasste. Bei ihm ist bis dato keine genaue Diagnose bekannt. Jedoch die ersten Vermutungen lassen nichts Gutes erwarten. Trotzdem zeigt sich das Team rund um Headcoach Sebastian Waser k\u00e4mpferisch: \u201eWir werden noch einmal alles in die Waagschale werfen und alle Kr\u00e4fte mobilisieren, und damit ein Spiel V in Gmunden erzwingen\u201c, so der Coach. Spiel IV findet am Dienstag, 3. Mai, um 19 Uhr in der Raiffeisen Arena statt.<\/p>\n<p>Dass dies nicht so weit hergeholt ist zeigte auch das Spiel III. Dort zeigte man eine beherzte Leistung und riss das Spiel fr\u00fch an sich, ehe es durch Foulprobleme schwieriger wurde. Gmunden nutzte diesen Vorteil eiskalt. Da zeigte sich, dass die Swans als amtierender Meister jede Schwachstelle finden, und selbst dann, wenn sie nicht vom Gegner alleine ausgeht.<\/p>\n<p>In Spiel IV wird das Team ganz bestimmt wieder 100 Prozent Playoff Basketball zeigen und bis zur letzten Sekunde alles aus sich herausholen.<\/p>\n<p>Daf\u00fcr braucht es nat\u00fcrlich auch die Unterst\u00fctzung der Fans. Der Kartenvorverkauf l\u00e4uft bereits seit Samstag und die Tickets sind hei\u00df begehrt. Es ist zu erwarten, dass die Zuschaueranzahl nochmal die von Spiel II \u00fcberbietet und der L\u00e4rmpegel gesteigert wird.<\/p>\n<p><strong><em>Sichern Sie sich also noch rechtzeitig ihren Wunschplatz auf <a href=\"http:\/\/www.ticketing.flyerswels.at\">ticketing.flyerswels.at<\/a> und unterst\u00fctzen sie das Team von den Raiffeisen FLYERS.<\/em><\/strong><\/p>\n<p>Spiel IV: Dienstag, 3. Mai, um 19 Uhr in Wels<\/p>\n<p>S\u00fciel V (falls notwendig): Freitag, 6. Mai, in Gmunden.<\/p>\n","protected":false},"excerpt":{"rendered":"<p>Die Niederlage in Spiel III der Viertelfinalserie gegen die Gmunden Swans hat Spuren hinterlassen. Vor allem bei Jimbo Lull, der die Schlussphase in Gmunden mit einer Knieverletzung verpasste. Bei ihm ist bis dato keine genaue Diagnose bekannt. Jedoch die ersten Vermutungen lassen nichts Gutes erwarten. Trotzdem zeigt sich das Team rund um Headcoach Sebastian Waser [&hellip;]<\/p>\n","protected":false},"author":17,"featured_media":15761,"comment_status":"closed","ping_status":"closed","sticky":false,"template":"","format":"standard","meta":{"footnotes":""},"categories":[1,395],"tags":[],"class_list":["post-15760","post","type-post","status-publish","format-standard","has-post-thumbnail","hentry","category-allgemein","category-flyers-wels-news"],"yoast_head":"<!-- This site is optimized with the Yoast SEO plugin v26.0 - https:\/\/yoast.com\/wordpress\/plugins\/seo\/ -->\n<title>Die FLYERS wollen Spiel V - FlyersWELS - Raiffeisen Flyers Wels<\/title>\n<meta name=\"robots\" content=\"index, follow, max-snippet:-1, max-image-preview:large, max-video-preview:-1\" \/>\n<link rel=\"canonical\" href=\"https:\/\/www.flyerswels.at\/portal\/die-flyers-wollen-spiel-v\/\" \/>\n<meta property=\"og:locale\" content=\"de_DE\" \/>\n<meta property=\"og:type\" content=\"article\" \/>\n<meta property=\"og:title\" content=\"Die FLYERS wollen Spiel V - FlyersWELS - Raiffeisen Flyers Wels\" \/>\n<meta property=\"og:description\" content=\"Die Niederlage in Spiel III der Viertelfinalserie gegen die Gmunden Swans hat Spuren hinterlassen. Vor allem bei Jimbo Lull, der die Schlussphase in Gmunden mit einer Knieverletzung verpasste. Bei ihm ist bis dato keine genaue Diagnose bekannt. Jedoch die ersten Vermutungen lassen nichts Gutes erwarten. Trotzdem zeigt sich das Team rund um Headcoach Sebastian Waser [&hellip;]\" \/>\n<meta property=\"og:url\" content=\"https:\/\/www.flyerswels.at\/portal\/die-flyers-wollen-spiel-v\/\" \/>\n<meta property=\"og:site_name\" content=\"FlyersWELS - Raiffeisen Flyers Wels\" \/>\n<meta property=\"article:publisher\" content=\"https:\/\/www.facebook.com\/wbcwels\/\" \/>\n<meta property=\"article:published_time\" content=\"2022-05-02T05:39:09+00:00\" \/>\n<meta property=\"article:modified_time\" content=\"2022-05-02T10:57:32+00:00\" \/>\n<meta property=\"og:image\" content=\"https:\/\/www.flyerswels.at\/portal\/wp-content\/uploads\/2022\/05\/Basketball_Raiffeisen_Flyers_Wels_vs_Swans_Gmunden__39.jpg\" \/>\n\t<meta property=\"og:image:width\" content=\"686\" \/>\n\t<meta property=\"og:image:height\" content=\"360\" \/>\n\t<meta property=\"og:image:type\" content=\"image\/jpeg\" \/>\n<meta name=\"author\" content=\"Gerald\" \/>\n<meta name=\"twitter:card\" content=\"summary_large_image\" \/>\n<meta name=\"twitter:label1\" content=\"Verfasst von\" \/>\n\t<meta name=\"twitter:data1\" content=\"Gerald\" \/>\n\t<meta name=\"twitter:label2\" content=\"Gesch\u00e4tzte Lesezeit\" \/>\n\t<meta name=\"twitter:data2\" content=\"2\u00a0Minuten\" \/>\n<script type=\"application\/ld+json\" class=\"yoast-schema-graph\">{\"@context\":\"https:\/\/schema.org\",\"@graph\":[{\"@type\":\"WebPage\",\"@id\":\"https:\/\/www.flyerswels.at\/portal\/die-flyers-wollen-spiel-v\/\",\"url\":\"https:\/\/www.flyerswels.at\/portal\/die-flyers-wollen-spiel-v\/\",\"name\":\"Die FLYERS wollen Spiel V - FlyersWELS - Raiffeisen Flyers Wels\",\"isPartOf\":{\"@id\":\"https:\/\/www.flyerswels.at\/portal\/#website\"},\"primaryImageOfPage\":{\"@id\":\"https:\/\/www.flyerswels.at\/portal\/die-flyers-wollen-spiel-v\/#primaryimage\"},\"image\":{\"@id\":\"https:\/\/www.flyerswels.at\/portal\/die-flyers-wollen-spiel-v\/#primaryimage\"},\"thumbnailUrl\":\"https:\/\/www.flyerswels.at\/portal\/wp-content\/uploads\/2022\/05\/Basketball_Raiffeisen_Flyers_Wels_vs_Swans_Gmunden__39.jpg\",\"datePublished\":\"2022-05-02T05:39:09+00:00\",\"dateModified\":\"2022-05-02T10:57:32+00:00\",\"author\":{\"@id\":\"https:\/\/www.flyerswels.at\/portal\/#\/schema\/person\/0e0a2ae3e74186e2de129b53eda1f370\"},\"breadcrumb\":{\"@id\":\"https:\/\/www.flyerswels.at\/portal\/die-flyers-wollen-spiel-v\/#breadcrumb\"},\"inLanguage\":\"de\",\"potentialAction\":[{\"@type\":\"ReadAction\",\"target\":[\"https:\/\/www.flyerswels.at\/portal\/die-flyers-wollen-spiel-v\/\"]}]},{\"@type\":\"ImageObject\",\"inLanguage\":\"de\",\"@id\":\"https:\/\/www.flyerswels.at\/portal\/die-flyers-wollen-spiel-v\/#primaryimage\",\"url\":\"https:\/\/www.flyerswels.at\/portal\/wp-content\/uploads\/2022\/05\/Basketball_Raiffeisen_Flyers_Wels_vs_Swans_Gmunden__39.jpg\",\"contentUrl\":\"https:\/\/www.flyerswels.at\/portal\/wp-content\/uploads\/2022\/05\/Basketball_Raiffeisen_Flyers_Wels_vs_Swans_Gmunden__39.jpg\",\"width\":686,\"height\":360},{\"@type\":\"BreadcrumbList\",\"@id\":\"https:\/\/www.flyerswels.at\/portal\/die-flyers-wollen-spiel-v\/#breadcrumb\",\"itemListElement\":[{\"@type\":\"ListItem\",\"position\":1,\"name\":\"Home\",\"item\":\"https:\/\/www.flyerswels.at\/portal\/homepage-2\/\"},{\"@type\":\"ListItem\",\"position\":2,\"name\":\"Die FLYERS wollen Spiel V\"}]},{\"@type\":\"WebSite\",\"@id\":\"https:\/\/www.flyerswels.at\/portal\/#website\",\"url\":\"https:\/\/www.flyerswels.at\/portal\/\",\"name\":\"FlyersWELS - Raiffeisen Flyers Wels\",\"description\":\"Die Flyers Wels informieren mit Spielberichten, aktueller Tabelle, Termin\u00fcbersicht und Vorstellung des Kaders. Immer aktuelle News und Fotos.\",\"potentialAction\":[{\"@type\":\"SearchAction\",\"target\":{\"@type\":\"EntryPoint\",\"urlTemplate\":\"https:\/\/www.flyerswels.at\/portal\/?s={search_term_string}\"},\"query-input\":{\"@type\":\"PropertyValueSpecification\",\"valueRequired\":true,\"valueName\":\"search_term_string\"}}],\"inLanguage\":\"de\"},{\"@type\":\"Person\",\"@id\":\"https:\/\/www.flyerswels.at\/portal\/#\/schema\/person\/0e0a2ae3e74186e2de129b53eda1f370\",\"name\":\"Gerald\",\"url\":\"https:\/\/www.flyerswels.at\/portal\/author\/gerald\/\"}]}<\/script>\n<!-- \/ Yoast SEO plugin. -->","yoast_head_json":{"title":"Die FLYERS wollen Spiel V - FlyersWELS - Raiffeisen Flyers Wels","robots":{"index":"index","follow":"follow","max-snippet":"max-snippet:-1","max-image-preview":"max-image-preview:large","max-video-preview":"max-video-preview:-1"},"canonical":"https:\/\/www.flyerswels.at\/portal\/die-flyers-wollen-spiel-v\/","og_locale":"de_DE","og_type":"article","og_title":"Die FLYERS wollen Spiel V - FlyersWELS - Raiffeisen Flyers Wels","og_description":"Die Niederlage in Spiel III der Viertelfinalserie gegen die Gmunden Swans hat Spuren hinterlassen. Vor allem bei Jimbo Lull, der die Schlussphase in Gmunden mit einer Knieverletzung verpasste. Bei ihm ist bis dato keine genaue Diagnose bekannt. Jedoch die ersten Vermutungen lassen nichts Gutes erwarten. Trotzdem zeigt sich das Team rund um Headcoach Sebastian Waser [&hellip;]","og_url":"https:\/\/www.flyerswels.at\/portal\/die-flyers-wollen-spiel-v\/","og_site_name":"FlyersWELS - Raiffeisen Flyers Wels","article_publisher":"https:\/\/www.facebook.com\/wbcwels\/","article_published_time":"2022-05-02T05:39:09+00:00","article_modified_time":"2022-05-02T10:57:32+00:00","og_image":[{"width":686,"height":360,"url":"https:\/\/www.flyerswels.at\/portal\/wp-content\/uploads\/2022\/05\/Basketball_Raiffeisen_Flyers_Wels_vs_Swans_Gmunden__39.jpg","type":"image\/jpeg"}],"author":"Gerald","twitter_card":"summary_large_image","twitter_misc":{"Verfasst von":"Gerald","Gesch\u00e4tzte Lesezeit":"2\u00a0Minuten"},"schema":{"@context":"https:\/\/schema.org","@graph":[{"@type":"WebPage","@id":"https:\/\/www.flyerswels.at\/portal\/die-flyers-wollen-spiel-v\/","url":"https:\/\/www.flyerswels.at\/portal\/die-flyers-wollen-spiel-v\/","name":"Die FLYERS wollen Spiel V - FlyersWELS - Raiffeisen Flyers Wels","isPartOf":{"@id":"https:\/\/www.flyerswels.at\/portal\/#website"},"primaryImageOfPage":{"@id":"https:\/\/www.flyerswels.at\/portal\/die-flyers-wollen-spiel-v\/#primaryimage"},"image":{"@id":"https:\/\/www.flyerswels.at\/portal\/die-flyers-wollen-spiel-v\/#primaryimage"},"thumbnailUrl":"https:\/\/www.flyerswels.at\/portal\/wp-content\/uploads\/2022\/05\/Basketball_Raiffeisen_Flyers_Wels_vs_Swans_Gmunden__39.jpg","datePublished":"2022-05-02T05:39:09+00:00","dateModified":"2022-05-02T10:57:32+00:00","author":{"@id":"https:\/\/www.flyerswels.at\/portal\/#\/schema\/person\/0e0a2ae3e74186e2de129b53eda1f370"},"breadcrumb":{"@id":"https:\/\/www.flyerswels.at\/portal\/die-flyers-wollen-spiel-v\/#breadcrumb"},"inLanguage":"de","potentialAction":[{"@type":"ReadAction","target":["https:\/\/www.flyerswels.at\/portal\/die-flyers-wollen-spiel-v\/"]}]},{"@type":"ImageObject","inLanguage":"de","@id":"https:\/\/www.flyerswels.at\/portal\/die-flyers-wollen-spiel-v\/#primaryimage","url":"https:\/\/www.flyerswels.at\/portal\/wp-content\/uploads\/2022\/05\/Basketball_Raiffeisen_Flyers_Wels_vs_Swans_Gmunden__39.jpg","contentUrl":"https:\/\/www.flyerswels.at\/portal\/wp-content\/uploads\/2022\/05\/Basketball_Raiffeisen_Flyers_Wels_vs_Swans_Gmunden__39.jpg","width":686,"height":360},{"@type":"BreadcrumbList","@id":"https:\/\/www.flyerswels.at\/portal\/die-flyers-wollen-spiel-v\/#breadcrumb","itemListElement":[{"@type":"ListItem","position":1,"name":"Home","item":"https:\/\/www.flyerswels.at\/portal\/homepage-2\/"},{"@type":"ListItem","position":2,"name":"Die FLYERS wollen Spiel V"}]},{"@type":"WebSite","@id":"https:\/\/www.flyerswels.at\/portal\/#website","url":"https:\/\/www.flyerswels.at\/portal\/","name":"FlyersWELS - Raiffeisen Flyers Wels","description":"Die Flyers Wels informieren mit Spielberichten, aktueller Tabelle, Termin\u00fcbersicht und Vorstellung des Kaders. Immer aktuelle News und Fotos.","potentialAction":[{"@type":"SearchAction","target":{"@type":"EntryPoint","urlTemplate":"https:\/\/www.flyerswels.at\/portal\/?s={search_term_string}"},"query-input":{"@type":"PropertyValueSpecification","valueRequired":true,"valueName":"search_term_string"}}],"inLanguage":"de"},{"@type":"Person","@id":"https:\/\/www.flyerswels.at\/portal\/#\/schema\/person\/0e0a2ae3e74186e2de129b53eda1f370","name":"Gerald","url":"https:\/\/www.flyerswels.at\/portal\/author\/gerald\/"}]}},"_links":{"self":[{"href":"https:\/\/www.flyerswels.at\/portal\/wp-json\/wp\/v2\/posts\/15760","targetHints":{"allow":["GET"]}}],"collection":[{"href":"https:\/\/www.flyerswels.at\/portal\/wp-json\/wp\/v2\/posts"}],"about":[{"href":"https:\/\/www.flyerswels.at\/portal\/wp-json\/wp\/v2\/types\/post"}],"author":[{"embeddable":true,"href":"https:\/\/www.flyerswels.at\/portal\/wp-json\/wp\/v2\/users\/17"}],"replies":[{"embeddable":true,"href":"https:\/\/www.flyerswels.at\/portal\/wp-json\/wp\/v2\/comments?post=15760"}],"version-history":[{"count":0,"href":"https:\/\/www.flyerswels.at\/portal\/wp-json\/wp\/v2\/posts\/15760\/revisions"}],"wp:featuredmedia":[{"embeddable":true,"href":"https:\/\/www.flyerswels.at\/portal\/wp-json\/wp\/v2\/media\/15761"}],"wp:attachment":[{"href":"https:\/\/www.flyerswels.at\/portal\/wp-json\/wp\/v2\/media?parent=15760"}],"wp:term":[{"taxonomy":"category","embeddable":true,"href":"https:\/\/www.flyerswels.at\/portal\/wp-json\/wp\/v2\/categories?post=15760"},{"taxonomy":"post_tag","embeddable":true,"href":"https:\/\/www.flyerswels.at\/portal\/wp-json\/wp\/v2\/tags?post=15760"}],"curies":[{"name":"wp","href":"https:\/\/api.w.org\/{rel}","templated":true}]}}