{"id":20501,"date":"2024-08-11T07:55:46","date_gmt":"2024-08-11T05:55:46","guid":{"rendered":"https:\/\/www.flyerswels.at\/portal\/?p=20501"},"modified":"2024-08-11T09:19:53","modified_gmt":"2024-08-11T07:19:53","slug":"die-erste-neuverpflichtung-fuer-die-saison-2024-25-heisst-damion-rosser","status":"publish","type":"post","link":"https:\/\/www.flyerswels.at\/portal\/die-erste-neuverpflichtung-fuer-die-saison-2024-25-heisst-damion-rosser\/","title":{"rendered":"Die erste Neuverpflichtung f\u00fcr die Saison 2024\/25 hei\u00dft Damion Rosser"},"content":{"rendered":"<p><span style=\"font-size: 10.0pt; font-family: 'Verdana',sans-serif;\">Kurz vor Start der Saisonvorbereitung am 15. August, verpflichten die Raiffeisen Flyers Wels den US-Amerikaner, Damion Rosser. Der 24-j\u00e4hrige Fl\u00fcgelspieler ist 1,95 Meter gro\u00df und gilt als eine Art \u201eSchweizer Taschenmesser\u201c an beiden Enden des Feldes. Durch seine Athletik und Physis kann Rosser sowohl als Shooting Guard, Small- oder Power Forward eingesetzt werden und gibt dem amtierenden Cupsieger aus der Messestadt dadurch mehrere M\u00f6glichkeiten in der Rotation. Rosser spielte letzte Saison in der FIBA Champions League Asia bei den NS MATRIX DEERS in Malaysia und erzielte in nur 16 Minuten Spielzeit durchschnittlich 11,4 Punkte und 4,1 Rebounds. Wir freuen uns den charismatischen US-Boy in Wels begr\u00fc\u00dfen zu d\u00fcrfen.\u00a0<\/span><\/p>\n<p><span style=\"font-size: 10.0pt; font-family: 'Verdana',sans-serif;\">\u201eDamion hat ein sehr interessantes Spieler-Profil. Er gilt als vielseitig einsetzbar und kann durch seine Athletik sowohl offensiv als defensiv eine wichtige Rolle in unserem Team einnehmen. Dies wird auch wichtig sein, da wir auch heuer wieder auf einen aggressiven, schnellen Spielstil bauen wollen.\u201c Statement, Head Coach Sebastian Waser<\/span><\/p>\n","protected":false},"excerpt":{"rendered":"<p>Kurz vor Start der Saisonvorbereitung am 15. August, verpflichten die Raiffeisen Flyers Wels den US-Amerikaner, Damion Rosser. Der 24-j\u00e4hrige Fl\u00fcgelspieler ist 1,95 Meter gro\u00df und gilt als eine Art \u201eSchweizer Taschenmesser\u201c an beiden Enden des Feldes. Durch seine Athletik und Physis kann Rosser sowohl als Shooting Guard, Small- oder Power Forward eingesetzt werden und gibt [&hellip;]<\/p>\n","protected":false},"author":14,"featured_media":20502,"comment_status":"closed","ping_status":"closed","sticky":false,"template":"","format":"standard","meta":{"footnotes":""},"categories":[1,395],"tags":[],"class_list":["post-20501","post","type-post","status-publish","format-standard","has-post-thumbnail","hentry","category-allgemein","category-flyers-wels-news"],"yoast_head":"<!-- This site is optimized with the Yoast SEO plugin v26.0 - https:\/\/yoast.com\/wordpress\/plugins\/seo\/ -->\n<title>Die erste Neuverpflichtung f\u00fcr die Saison 2024\/25 hei\u00dft Damion Rosser - FlyersWELS - Raiffeisen Flyers Wels<\/title>\n<meta name=\"robots\" content=\"index, follow, max-snippet:-1, max-image-preview:large, max-video-preview:-1\" \/>\n<link rel=\"canonical\" href=\"https:\/\/www.flyerswels.at\/portal\/die-erste-neuverpflichtung-fuer-die-saison-2024-25-heisst-damion-rosser\/\" \/>\n<meta property=\"og:locale\" content=\"de_DE\" \/>\n<meta property=\"og:type\" content=\"article\" \/>\n<meta property=\"og:title\" content=\"Die erste Neuverpflichtung f\u00fcr die Saison 2024\/25 hei\u00dft Damion Rosser - FlyersWELS - Raiffeisen Flyers Wels\" \/>\n<meta property=\"og:description\" content=\"Kurz vor Start der Saisonvorbereitung am 15. August, verpflichten die Raiffeisen Flyers Wels den US-Amerikaner, Damion Rosser. Der 24-j\u00e4hrige Fl\u00fcgelspieler ist 1,95 Meter gro\u00df und gilt als eine Art \u201eSchweizer Taschenmesser\u201c an beiden Enden des Feldes. Durch seine Athletik und Physis kann Rosser sowohl als Shooting Guard, Small- oder Power Forward eingesetzt werden und gibt [&hellip;]\" \/>\n<meta property=\"og:url\" content=\"https:\/\/www.flyerswels.at\/portal\/die-erste-neuverpflichtung-fuer-die-saison-2024-25-heisst-damion-rosser\/\" \/>\n<meta property=\"og:site_name\" content=\"FlyersWELS - Raiffeisen Flyers Wels\" \/>\n<meta property=\"article:publisher\" content=\"https:\/\/www.facebook.com\/wbcwels\/\" \/>\n<meta property=\"article:published_time\" content=\"2024-08-11T05:55:46+00:00\" \/>\n<meta property=\"article:modified_time\" content=\"2024-08-11T07:19:53+00:00\" \/>\n<meta property=\"og:image\" content=\"https:\/\/www.flyerswels.at\/portal\/wp-content\/uploads\/2024\/08\/HP_Rosser.jpg\" \/>\n\t<meta property=\"og:image:width\" content=\"1300\" \/>\n\t<meta property=\"og:image:height\" content=\"624\" \/>\n\t<meta property=\"og:image:type\" content=\"image\/jpeg\" \/>\n<meta name=\"author\" content=\"FlyersWels\" \/>\n<meta name=\"twitter:card\" content=\"summary_large_image\" \/>\n<meta name=\"twitter:label1\" content=\"Verfasst von\" \/>\n\t<meta name=\"twitter:data1\" content=\"FlyersWels\" \/>\n\t<meta name=\"twitter:label2\" content=\"Gesch\u00e4tzte Lesezeit\" \/>\n\t<meta name=\"twitter:data2\" content=\"1\u00a0Minute\" \/>\n<script type=\"application\/ld+json\" class=\"yoast-schema-graph\">{\"@context\":\"https:\/\/schema.org\",\"@graph\":[{\"@type\":\"WebPage\",\"@id\":\"https:\/\/www.flyerswels.at\/portal\/die-erste-neuverpflichtung-fuer-die-saison-2024-25-heisst-damion-rosser\/\",\"url\":\"https:\/\/www.flyerswels.at\/portal\/die-erste-neuverpflichtung-fuer-die-saison-2024-25-heisst-damion-rosser\/\",\"name\":\"Die erste Neuverpflichtung f\u00fcr die Saison 2024\/25 hei\u00dft Damion Rosser - FlyersWELS - Raiffeisen Flyers Wels\",\"isPartOf\":{\"@id\":\"https:\/\/www.flyerswels.at\/portal\/#website\"},\"primaryImageOfPage\":{\"@id\":\"https:\/\/www.flyerswels.at\/portal\/die-erste-neuverpflichtung-fuer-die-saison-2024-25-heisst-damion-rosser\/#primaryimage\"},\"image\":{\"@id\":\"https:\/\/www.flyerswels.at\/portal\/die-erste-neuverpflichtung-fuer-die-saison-2024-25-heisst-damion-rosser\/#primaryimage\"},\"thumbnailUrl\":\"https:\/\/www.flyerswels.at\/portal\/wp-content\/uploads\/2024\/08\/HP_Rosser.jpg\",\"datePublished\":\"2024-08-11T05:55:46+00:00\",\"dateModified\":\"2024-08-11T07:19:53+00:00\",\"author\":{\"@id\":\"https:\/\/www.flyerswels.at\/portal\/#\/schema\/person\/5538a2e3a6c2fbb267cdc0fb0fe8a40a\"},\"breadcrumb\":{\"@id\":\"https:\/\/www.flyerswels.at\/portal\/die-erste-neuverpflichtung-fuer-die-saison-2024-25-heisst-damion-rosser\/#breadcrumb\"},\"inLanguage\":\"de\",\"potentialAction\":[{\"@type\":\"ReadAction\",\"target\":[\"https:\/\/www.flyerswels.at\/portal\/die-erste-neuverpflichtung-fuer-die-saison-2024-25-heisst-damion-rosser\/\"]}]},{\"@type\":\"ImageObject\",\"inLanguage\":\"de\",\"@id\":\"https:\/\/www.flyerswels.at\/portal\/die-erste-neuverpflichtung-fuer-die-saison-2024-25-heisst-damion-rosser\/#primaryimage\",\"url\":\"https:\/\/www.flyerswels.at\/portal\/wp-content\/uploads\/2024\/08\/HP_Rosser.jpg\",\"contentUrl\":\"https:\/\/www.flyerswels.at\/portal\/wp-content\/uploads\/2024\/08\/HP_Rosser.jpg\",\"width\":1300,\"height\":624},{\"@type\":\"BreadcrumbList\",\"@id\":\"https:\/\/www.flyerswels.at\/portal\/die-erste-neuverpflichtung-fuer-die-saison-2024-25-heisst-damion-rosser\/#breadcrumb\",\"itemListElement\":[{\"@type\":\"ListItem\",\"position\":1,\"name\":\"Home\",\"item\":\"https:\/\/www.flyerswels.at\/portal\/homepage-2\/\"},{\"@type\":\"ListItem\",\"position\":2,\"name\":\"Die erste Neuverpflichtung f\u00fcr die Saison 2024\/25 hei\u00dft Damion Rosser\"}]},{\"@type\":\"WebSite\",\"@id\":\"https:\/\/www.flyerswels.at\/portal\/#website\",\"url\":\"https:\/\/www.flyerswels.at\/portal\/\",\"name\":\"FlyersWELS - Raiffeisen Flyers Wels\",\"description\":\"Die Flyers Wels informieren mit Spielberichten, aktueller Tabelle, Termin\u00fcbersicht und Vorstellung des Kaders. Immer aktuelle News und Fotos.\",\"potentialAction\":[{\"@type\":\"SearchAction\",\"target\":{\"@type\":\"EntryPoint\",\"urlTemplate\":\"https:\/\/www.flyerswels.at\/portal\/?s={search_term_string}\"},\"query-input\":{\"@type\":\"PropertyValueSpecification\",\"valueRequired\":true,\"valueName\":\"search_term_string\"}}],\"inLanguage\":\"de\"},{\"@type\":\"Person\",\"@id\":\"https:\/\/www.flyerswels.at\/portal\/#\/schema\/person\/5538a2e3a6c2fbb267cdc0fb0fe8a40a\",\"name\":\"FlyersWels\",\"url\":\"https:\/\/www.flyerswels.at\/portal\/author\/flyerswels\/\"}]}<\/script>\n<!-- \/ Yoast SEO plugin. -->","yoast_head_json":{"title":"Die erste Neuverpflichtung f\u00fcr die Saison 2024\/25 hei\u00dft Damion Rosser - FlyersWELS - Raiffeisen Flyers Wels","robots":{"index":"index","follow":"follow","max-snippet":"max-snippet:-1","max-image-preview":"max-image-preview:large","max-video-preview":"max-video-preview:-1"},"canonical":"https:\/\/www.flyerswels.at\/portal\/die-erste-neuverpflichtung-fuer-die-saison-2024-25-heisst-damion-rosser\/","og_locale":"de_DE","og_type":"article","og_title":"Die erste Neuverpflichtung f\u00fcr die Saison 2024\/25 hei\u00dft Damion Rosser - FlyersWELS - Raiffeisen Flyers Wels","og_description":"Kurz vor Start der Saisonvorbereitung am 15. August, verpflichten die Raiffeisen Flyers Wels den US-Amerikaner, Damion Rosser. Der 24-j\u00e4hrige Fl\u00fcgelspieler ist 1,95 Meter gro\u00df und gilt als eine Art \u201eSchweizer Taschenmesser\u201c an beiden Enden des Feldes. Durch seine Athletik und Physis kann Rosser sowohl als Shooting Guard, Small- oder Power Forward eingesetzt werden und gibt [&hellip;]","og_url":"https:\/\/www.flyerswels.at\/portal\/die-erste-neuverpflichtung-fuer-die-saison-2024-25-heisst-damion-rosser\/","og_site_name":"FlyersWELS - Raiffeisen Flyers Wels","article_publisher":"https:\/\/www.facebook.com\/wbcwels\/","article_published_time":"2024-08-11T05:55:46+00:00","article_modified_time":"2024-08-11T07:19:53+00:00","og_image":[{"width":1300,"height":624,"url":"https:\/\/www.flyerswels.at\/portal\/wp-content\/uploads\/2024\/08\/HP_Rosser.jpg","type":"image\/jpeg"}],"author":"FlyersWels","twitter_card":"summary_large_image","twitter_misc":{"Verfasst von":"FlyersWels","Gesch\u00e4tzte Lesezeit":"1\u00a0Minute"},"schema":{"@context":"https:\/\/schema.org","@graph":[{"@type":"WebPage","@id":"https:\/\/www.flyerswels.at\/portal\/die-erste-neuverpflichtung-fuer-die-saison-2024-25-heisst-damion-rosser\/","url":"https:\/\/www.flyerswels.at\/portal\/die-erste-neuverpflichtung-fuer-die-saison-2024-25-heisst-damion-rosser\/","name":"Die erste Neuverpflichtung f\u00fcr die Saison 2024\/25 hei\u00dft Damion Rosser - FlyersWELS - Raiffeisen Flyers Wels","isPartOf":{"@id":"https:\/\/www.flyerswels.at\/portal\/#website"},"primaryImageOfPage":{"@id":"https:\/\/www.flyerswels.at\/portal\/die-erste-neuverpflichtung-fuer-die-saison-2024-25-heisst-damion-rosser\/#primaryimage"},"image":{"@id":"https:\/\/www.flyerswels.at\/portal\/die-erste-neuverpflichtung-fuer-die-saison-2024-25-heisst-damion-rosser\/#primaryimage"},"thumbnailUrl":"https:\/\/www.flyerswels.at\/portal\/wp-content\/uploads\/2024\/08\/HP_Rosser.jpg","datePublished":"2024-08-11T05:55:46+00:00","dateModified":"2024-08-11T07:19:53+00:00","author":{"@id":"https:\/\/www.flyerswels.at\/portal\/#\/schema\/person\/5538a2e3a6c2fbb267cdc0fb0fe8a40a"},"breadcrumb":{"@id":"https:\/\/www.flyerswels.at\/portal\/die-erste-neuverpflichtung-fuer-die-saison-2024-25-heisst-damion-rosser\/#breadcrumb"},"inLanguage":"de","potentialAction":[{"@type":"ReadAction","target":["https:\/\/www.flyerswels.at\/portal\/die-erste-neuverpflichtung-fuer-die-saison-2024-25-heisst-damion-rosser\/"]}]},{"@type":"ImageObject","inLanguage":"de","@id":"https:\/\/www.flyerswels.at\/portal\/die-erste-neuverpflichtung-fuer-die-saison-2024-25-heisst-damion-rosser\/#primaryimage","url":"https:\/\/www.flyerswels.at\/portal\/wp-content\/uploads\/2024\/08\/HP_Rosser.jpg","contentUrl":"https:\/\/www.flyerswels.at\/portal\/wp-content\/uploads\/2024\/08\/HP_Rosser.jpg","width":1300,"height":624},{"@type":"BreadcrumbList","@id":"https:\/\/www.flyerswels.at\/portal\/die-erste-neuverpflichtung-fuer-die-saison-2024-25-heisst-damion-rosser\/#breadcrumb","itemListElement":[{"@type":"ListItem","position":1,"name":"Home","item":"https:\/\/www.flyerswels.at\/portal\/homepage-2\/"},{"@type":"ListItem","position":2,"name":"Die erste Neuverpflichtung f\u00fcr die Saison 2024\/25 hei\u00dft Damion Rosser"}]},{"@type":"WebSite","@id":"https:\/\/www.flyerswels.at\/portal\/#website","url":"https:\/\/www.flyerswels.at\/portal\/","name":"FlyersWELS - Raiffeisen Flyers Wels","description":"Die Flyers Wels informieren mit Spielberichten, aktueller Tabelle, Termin\u00fcbersicht und Vorstellung des Kaders. Immer aktuelle News und Fotos.","potentialAction":[{"@type":"SearchAction","target":{"@type":"EntryPoint","urlTemplate":"https:\/\/www.flyerswels.at\/portal\/?s={search_term_string}"},"query-input":{"@type":"PropertyValueSpecification","valueRequired":true,"valueName":"search_term_string"}}],"inLanguage":"de"},{"@type":"Person","@id":"https:\/\/www.flyerswels.at\/portal\/#\/schema\/person\/5538a2e3a6c2fbb267cdc0fb0fe8a40a","name":"FlyersWels","url":"https:\/\/www.flyerswels.at\/portal\/author\/flyerswels\/"}]}},"_links":{"self":[{"href":"https:\/\/www.flyerswels.at\/portal\/wp-json\/wp\/v2\/posts\/20501","targetHints":{"allow":["GET"]}}],"collection":[{"href":"https:\/\/www.flyerswels.at\/portal\/wp-json\/wp\/v2\/posts"}],"about":[{"href":"https:\/\/www.flyerswels.at\/portal\/wp-json\/wp\/v2\/types\/post"}],"author":[{"embeddable":true,"href":"https:\/\/www.flyerswels.at\/portal\/wp-json\/wp\/v2\/users\/14"}],"replies":[{"embeddable":true,"href":"https:\/\/www.flyerswels.at\/portal\/wp-json\/wp\/v2\/comments?post=20501"}],"version-history":[{"count":0,"href":"https:\/\/www.flyerswels.at\/portal\/wp-json\/wp\/v2\/posts\/20501\/revisions"}],"wp:featuredmedia":[{"embeddable":true,"href":"https:\/\/www.flyerswels.at\/portal\/wp-json\/wp\/v2\/media\/20502"}],"wp:attachment":[{"href":"https:\/\/www.flyerswels.at\/portal\/wp-json\/wp\/v2\/media?parent=20501"}],"wp:term":[{"taxonomy":"category","embeddable":true,"href":"https:\/\/www.flyerswels.at\/portal\/wp-json\/wp\/v2\/categories?post=20501"},{"taxonomy":"post_tag","embeddable":true,"href":"https:\/\/www.flyerswels.at\/portal\/wp-json\/wp\/v2\/tags?post=20501"}],"curies":[{"name":"wp","href":"https:\/\/api.w.org\/{rel}","templated":true}]}}