{"id":21827,"date":"2025-03-09T20:47:50","date_gmt":"2025-03-09T19:47:50","guid":{"rendered":"https:\/\/www.flyerswels.at\/portal\/?p=21827"},"modified":"2025-03-09T20:47:50","modified_gmt":"2025-03-09T19:47:50","slug":"flyers-feiern-auswaertssieg-in-graz","status":"publish","type":"post","link":"https:\/\/www.flyerswels.at\/portal\/flyers-feiern-auswaertssieg-in-graz\/","title":{"rendered":"Flyers feiern Ausw\u00e4rtssieg in Graz"},"content":{"rendered":"<p>Die Raiffeisen Flyers Wels haben am Sonntagabend einen wichtigen 77:68-Ausw\u00e4rtssieg gegen den UBSC Graz eingefahren. Nach einem verschlafenen Start fanden die Welser immer besser ins Spiel und setzten sich am Ende verdient und souver\u00e4n durch. Mit Radii Caisin und Elvir Jakupovic standen den Flyers zwei wichtige Spieler wieder zur Verf\u00fcgung, w\u00e4hrend Damion Rosser weiterhin verletzt fehlte.<\/p>\n<p>Die Flyers taten sich in den Anfangsminuten schwer, w\u00e4hrend die Gastgeber mit einem 10:0-Lauf das Spiel er\u00f6ffneten. Das erste Viertel ging mit 15:8 an Graz.<\/p>\n<p>Im zweiten Abschnitt fanden die Flyers dann ihren Rhythmus. Mit starker Verteidigung und konsequenter Offensive \u00fcbernahmen sie Mitte des Viertels erstmals die F\u00fchrung.<br \/>\nDie Defense schn\u00fcrte die Grazer regelrecht ein und ein ums andere Mal setzten die Raiffeisen Flyers ihr schnelles Umschaltspiel durch und scorten regelm\u00e4\u00dfig. Das Viertel entschieden die Flyers mit 26:15 f\u00fcr sich und so stand es zur Halbzeit 34:30 f\u00fcr Wels.<\/p>\n<p>Die F\u00fchrung sollte auch so bleiben, denn auch nach der Pause blieben die Flyers am Dr\u00fccker. Sie kontrollierten das dritte Viertel und konnten ihren Vorsprung weiter ausbauen. Im Schlussabschnitt wuchs der Vorsprung auf 15 Punkte und 3 Minuten vor dem Ende war das Spiel entschieden.<br \/>\nGraz betrieb dann noch etwas Ergebniskosmetik wobei alle Spieler bei Wels ihre Einsatzzeit erhielten.<\/p>\n<p>Neben den beiden R\u00fcckkehrern Caisin und Jakupovic setzte heute Danilo Tepic entscheidende Akzente und steuerte wichtige 13 Punkte zum Sieg bei.<\/p>\n<p>Topscorer der Flyers: Marcos Azor \u2013 16 Punkte, Danilo Tepic &amp; Renato Poljak \u2013 je 13 Punkte, Radii Caisin \u2013 11 Punkte, von Fintel 9, Kovacevic 8, Jakupovic 5, Osaikhwuwuomwan 2. <a href=\"https:\/\/basketballaustria.at\/bsl\/saison\/spielplan?%7Ew=f%7EeJwtyzEKwzAMRuGrBM0VWE7sJt16h17gtyVBoJs9tfTuRZDxwfe-NOixUM2-FdXKpfXOIubcJIFXWROkCbDtdFvoHViNn68oj4Lh8FrubLB0rdnA2g4R3z27psCfwGNinmOefdDvD61lITo\">STATISTK<\/a><\/p>\n<p>Sebastian Waser: &#8220;Eine abgebr\u00fchte Leistung meiner Mannschaft. Ich hoffe das wir zum n\u00e4chsten Wochenende wieder komplett Gesund und vollst\u00e4ndig sind, denn die n\u00e4chsten Runden werden ein Kraftakt werden.&#8221;<\/p>\n<p>Danilo Tepic: &#8220;Wichtiger Sieg f\u00fcr uns. Wir haben wieder gezeigt wie ausgeglichen wir agieren k\u00f6nnen und das auch f\u00fcr die Gegner unberechenbar macht. Wir freuen uns auf die n\u00e4chsten Aufgaben!&#8221;<\/p>\n","protected":false},"excerpt":{"rendered":"<p>Die Raiffeisen Flyers Wels haben am Sonntagabend einen wichtigen 77:68-Ausw\u00e4rtssieg gegen den UBSC Graz eingefahren. Nach einem verschlafenen Start fanden die Welser immer besser ins Spiel und setzten sich am Ende verdient und souver\u00e4n durch. Mit Radii Caisin und Elvir Jakupovic standen den Flyers zwei wichtige Spieler wieder zur Verf\u00fcgung, w\u00e4hrend Damion Rosser weiterhin verletzt [&hellip;]<\/p>\n","protected":false},"author":14,"featured_media":21828,"comment_status":"closed","ping_status":"closed","sticky":false,"template":"","format":"standard","meta":{"footnotes":""},"categories":[1,395],"tags":[],"class_list":["post-21827","post","type-post","status-publish","format-standard","has-post-thumbnail","hentry","category-allgemein","category-flyers-wels-news"],"yoast_head":"<!-- This site is optimized with the Yoast SEO plugin v26.0 - https:\/\/yoast.com\/wordpress\/plugins\/seo\/ -->\n<title>Flyers feiern Ausw\u00e4rtssieg in Graz - FlyersWELS - Raiffeisen Flyers Wels<\/title>\n<meta name=\"robots\" content=\"index, follow, max-snippet:-1, max-image-preview:large, max-video-preview:-1\" \/>\n<link rel=\"canonical\" href=\"https:\/\/www.flyerswels.at\/portal\/flyers-feiern-auswaertssieg-in-graz\/\" \/>\n<meta property=\"og:locale\" content=\"de_DE\" \/>\n<meta property=\"og:type\" content=\"article\" \/>\n<meta property=\"og:title\" content=\"Flyers feiern Ausw\u00e4rtssieg in Graz - FlyersWELS - Raiffeisen Flyers Wels\" \/>\n<meta property=\"og:description\" content=\"Die Raiffeisen Flyers Wels haben am Sonntagabend einen wichtigen 77:68-Ausw\u00e4rtssieg gegen den UBSC Graz eingefahren. Nach einem verschlafenen Start fanden die Welser immer besser ins Spiel und setzten sich am Ende verdient und souver\u00e4n durch. Mit Radii Caisin und Elvir Jakupovic standen den Flyers zwei wichtige Spieler wieder zur Verf\u00fcgung, w\u00e4hrend Damion Rosser weiterhin verletzt [&hellip;]\" \/>\n<meta property=\"og:url\" content=\"https:\/\/www.flyerswels.at\/portal\/flyers-feiern-auswaertssieg-in-graz\/\" \/>\n<meta property=\"og:site_name\" content=\"FlyersWELS - Raiffeisen Flyers Wels\" \/>\n<meta property=\"article:publisher\" content=\"https:\/\/www.facebook.com\/wbcwels\/\" \/>\n<meta property=\"article:published_time\" content=\"2025-03-09T19:47:50+00:00\" \/>\n<meta property=\"og:image\" content=\"https:\/\/www.flyerswels.at\/portal\/wp-content\/uploads\/2025\/03\/Graz.jpg\" \/>\n\t<meta property=\"og:image:width\" content=\"750\" \/>\n\t<meta property=\"og:image:height\" content=\"360\" \/>\n\t<meta property=\"og:image:type\" content=\"image\/jpeg\" \/>\n<meta name=\"author\" content=\"FlyersWels\" \/>\n<meta name=\"twitter:card\" content=\"summary_large_image\" \/>\n<meta name=\"twitter:label1\" content=\"Verfasst von\" \/>\n\t<meta name=\"twitter:data1\" content=\"FlyersWels\" \/>\n\t<meta name=\"twitter:label2\" content=\"Gesch\u00e4tzte Lesezeit\" \/>\n\t<meta name=\"twitter:data2\" content=\"2\u00a0Minuten\" \/>\n<script type=\"application\/ld+json\" class=\"yoast-schema-graph\">{\"@context\":\"https:\/\/schema.org\",\"@graph\":[{\"@type\":\"WebPage\",\"@id\":\"https:\/\/www.flyerswels.at\/portal\/flyers-feiern-auswaertssieg-in-graz\/\",\"url\":\"https:\/\/www.flyerswels.at\/portal\/flyers-feiern-auswaertssieg-in-graz\/\",\"name\":\"Flyers feiern Ausw\u00e4rtssieg in Graz - FlyersWELS - Raiffeisen Flyers Wels\",\"isPartOf\":{\"@id\":\"https:\/\/www.flyerswels.at\/portal\/#website\"},\"primaryImageOfPage\":{\"@id\":\"https:\/\/www.flyerswels.at\/portal\/flyers-feiern-auswaertssieg-in-graz\/#primaryimage\"},\"image\":{\"@id\":\"https:\/\/www.flyerswels.at\/portal\/flyers-feiern-auswaertssieg-in-graz\/#primaryimage\"},\"thumbnailUrl\":\"https:\/\/www.flyerswels.at\/portal\/wp-content\/uploads\/2025\/03\/Graz.jpg\",\"datePublished\":\"2025-03-09T19:47:50+00:00\",\"author\":{\"@id\":\"https:\/\/www.flyerswels.at\/portal\/#\/schema\/person\/5538a2e3a6c2fbb267cdc0fb0fe8a40a\"},\"breadcrumb\":{\"@id\":\"https:\/\/www.flyerswels.at\/portal\/flyers-feiern-auswaertssieg-in-graz\/#breadcrumb\"},\"inLanguage\":\"de\",\"potentialAction\":[{\"@type\":\"ReadAction\",\"target\":[\"https:\/\/www.flyerswels.at\/portal\/flyers-feiern-auswaertssieg-in-graz\/\"]}]},{\"@type\":\"ImageObject\",\"inLanguage\":\"de\",\"@id\":\"https:\/\/www.flyerswels.at\/portal\/flyers-feiern-auswaertssieg-in-graz\/#primaryimage\",\"url\":\"https:\/\/www.flyerswels.at\/portal\/wp-content\/uploads\/2025\/03\/Graz.jpg\",\"contentUrl\":\"https:\/\/www.flyerswels.at\/portal\/wp-content\/uploads\/2025\/03\/Graz.jpg\",\"width\":750,\"height\":360},{\"@type\":\"BreadcrumbList\",\"@id\":\"https:\/\/www.flyerswels.at\/portal\/flyers-feiern-auswaertssieg-in-graz\/#breadcrumb\",\"itemListElement\":[{\"@type\":\"ListItem\",\"position\":1,\"name\":\"Home\",\"item\":\"https:\/\/www.flyerswels.at\/portal\/homepage-2\/\"},{\"@type\":\"ListItem\",\"position\":2,\"name\":\"Flyers feiern Ausw\u00e4rtssieg in Graz\"}]},{\"@type\":\"WebSite\",\"@id\":\"https:\/\/www.flyerswels.at\/portal\/#website\",\"url\":\"https:\/\/www.flyerswels.at\/portal\/\",\"name\":\"FlyersWELS - Raiffeisen Flyers Wels\",\"description\":\"Die Flyers Wels informieren mit Spielberichten, aktueller Tabelle, Termin\u00fcbersicht und Vorstellung des Kaders. Immer aktuelle News und Fotos.\",\"potentialAction\":[{\"@type\":\"SearchAction\",\"target\":{\"@type\":\"EntryPoint\",\"urlTemplate\":\"https:\/\/www.flyerswels.at\/portal\/?s={search_term_string}\"},\"query-input\":{\"@type\":\"PropertyValueSpecification\",\"valueRequired\":true,\"valueName\":\"search_term_string\"}}],\"inLanguage\":\"de\"},{\"@type\":\"Person\",\"@id\":\"https:\/\/www.flyerswels.at\/portal\/#\/schema\/person\/5538a2e3a6c2fbb267cdc0fb0fe8a40a\",\"name\":\"FlyersWels\",\"url\":\"https:\/\/www.flyerswels.at\/portal\/author\/flyerswels\/\"}]}<\/script>\n<!-- \/ Yoast SEO plugin. -->","yoast_head_json":{"title":"Flyers feiern Ausw\u00e4rtssieg in Graz - FlyersWELS - Raiffeisen Flyers Wels","robots":{"index":"index","follow":"follow","max-snippet":"max-snippet:-1","max-image-preview":"max-image-preview:large","max-video-preview":"max-video-preview:-1"},"canonical":"https:\/\/www.flyerswels.at\/portal\/flyers-feiern-auswaertssieg-in-graz\/","og_locale":"de_DE","og_type":"article","og_title":"Flyers feiern Ausw\u00e4rtssieg in Graz - FlyersWELS - Raiffeisen Flyers Wels","og_description":"Die Raiffeisen Flyers Wels haben am Sonntagabend einen wichtigen 77:68-Ausw\u00e4rtssieg gegen den UBSC Graz eingefahren. Nach einem verschlafenen Start fanden die Welser immer besser ins Spiel und setzten sich am Ende verdient und souver\u00e4n durch. Mit Radii Caisin und Elvir Jakupovic standen den Flyers zwei wichtige Spieler wieder zur Verf\u00fcgung, w\u00e4hrend Damion Rosser weiterhin verletzt [&hellip;]","og_url":"https:\/\/www.flyerswels.at\/portal\/flyers-feiern-auswaertssieg-in-graz\/","og_site_name":"FlyersWELS - Raiffeisen Flyers Wels","article_publisher":"https:\/\/www.facebook.com\/wbcwels\/","article_published_time":"2025-03-09T19:47:50+00:00","og_image":[{"width":750,"height":360,"url":"https:\/\/www.flyerswels.at\/portal\/wp-content\/uploads\/2025\/03\/Graz.jpg","type":"image\/jpeg"}],"author":"FlyersWels","twitter_card":"summary_large_image","twitter_misc":{"Verfasst von":"FlyersWels","Gesch\u00e4tzte Lesezeit":"2\u00a0Minuten"},"schema":{"@context":"https:\/\/schema.org","@graph":[{"@type":"WebPage","@id":"https:\/\/www.flyerswels.at\/portal\/flyers-feiern-auswaertssieg-in-graz\/","url":"https:\/\/www.flyerswels.at\/portal\/flyers-feiern-auswaertssieg-in-graz\/","name":"Flyers feiern Ausw\u00e4rtssieg in Graz - FlyersWELS - Raiffeisen Flyers Wels","isPartOf":{"@id":"https:\/\/www.flyerswels.at\/portal\/#website"},"primaryImageOfPage":{"@id":"https:\/\/www.flyerswels.at\/portal\/flyers-feiern-auswaertssieg-in-graz\/#primaryimage"},"image":{"@id":"https:\/\/www.flyerswels.at\/portal\/flyers-feiern-auswaertssieg-in-graz\/#primaryimage"},"thumbnailUrl":"https:\/\/www.flyerswels.at\/portal\/wp-content\/uploads\/2025\/03\/Graz.jpg","datePublished":"2025-03-09T19:47:50+00:00","author":{"@id":"https:\/\/www.flyerswels.at\/portal\/#\/schema\/person\/5538a2e3a6c2fbb267cdc0fb0fe8a40a"},"breadcrumb":{"@id":"https:\/\/www.flyerswels.at\/portal\/flyers-feiern-auswaertssieg-in-graz\/#breadcrumb"},"inLanguage":"de","potentialAction":[{"@type":"ReadAction","target":["https:\/\/www.flyerswels.at\/portal\/flyers-feiern-auswaertssieg-in-graz\/"]}]},{"@type":"ImageObject","inLanguage":"de","@id":"https:\/\/www.flyerswels.at\/portal\/flyers-feiern-auswaertssieg-in-graz\/#primaryimage","url":"https:\/\/www.flyerswels.at\/portal\/wp-content\/uploads\/2025\/03\/Graz.jpg","contentUrl":"https:\/\/www.flyerswels.at\/portal\/wp-content\/uploads\/2025\/03\/Graz.jpg","width":750,"height":360},{"@type":"BreadcrumbList","@id":"https:\/\/www.flyerswels.at\/portal\/flyers-feiern-auswaertssieg-in-graz\/#breadcrumb","itemListElement":[{"@type":"ListItem","position":1,"name":"Home","item":"https:\/\/www.flyerswels.at\/portal\/homepage-2\/"},{"@type":"ListItem","position":2,"name":"Flyers feiern Ausw\u00e4rtssieg in Graz"}]},{"@type":"WebSite","@id":"https:\/\/www.flyerswels.at\/portal\/#website","url":"https:\/\/www.flyerswels.at\/portal\/","name":"FlyersWELS - Raiffeisen Flyers Wels","description":"Die Flyers Wels informieren mit Spielberichten, aktueller Tabelle, Termin\u00fcbersicht und Vorstellung des Kaders. Immer aktuelle News und Fotos.","potentialAction":[{"@type":"SearchAction","target":{"@type":"EntryPoint","urlTemplate":"https:\/\/www.flyerswels.at\/portal\/?s={search_term_string}"},"query-input":{"@type":"PropertyValueSpecification","valueRequired":true,"valueName":"search_term_string"}}],"inLanguage":"de"},{"@type":"Person","@id":"https:\/\/www.flyerswels.at\/portal\/#\/schema\/person\/5538a2e3a6c2fbb267cdc0fb0fe8a40a","name":"FlyersWels","url":"https:\/\/www.flyerswels.at\/portal\/author\/flyerswels\/"}]}},"_links":{"self":[{"href":"https:\/\/www.flyerswels.at\/portal\/wp-json\/wp\/v2\/posts\/21827","targetHints":{"allow":["GET"]}}],"collection":[{"href":"https:\/\/www.flyerswels.at\/portal\/wp-json\/wp\/v2\/posts"}],"about":[{"href":"https:\/\/www.flyerswels.at\/portal\/wp-json\/wp\/v2\/types\/post"}],"author":[{"embeddable":true,"href":"https:\/\/www.flyerswels.at\/portal\/wp-json\/wp\/v2\/users\/14"}],"replies":[{"embeddable":true,"href":"https:\/\/www.flyerswels.at\/portal\/wp-json\/wp\/v2\/comments?post=21827"}],"version-history":[{"count":0,"href":"https:\/\/www.flyerswels.at\/portal\/wp-json\/wp\/v2\/posts\/21827\/revisions"}],"wp:featuredmedia":[{"embeddable":true,"href":"https:\/\/www.flyerswels.at\/portal\/wp-json\/wp\/v2\/media\/21828"}],"wp:attachment":[{"href":"https:\/\/www.flyerswels.at\/portal\/wp-json\/wp\/v2\/media?parent=21827"}],"wp:term":[{"taxonomy":"category","embeddable":true,"href":"https:\/\/www.flyerswels.at\/portal\/wp-json\/wp\/v2\/categories?post=21827"},{"taxonomy":"post_tag","embeddable":true,"href":"https:\/\/www.flyerswels.at\/portal\/wp-json\/wp\/v2\/tags?post=21827"}],"curies":[{"name":"wp","href":"https:\/\/api.w.org\/{rel}","templated":true}]}}