{"id":22025,"date":"2025-05-16T16:59:45","date_gmt":"2025-05-16T14:59:45","guid":{"rendered":"https:\/\/www.flyerswels.at\/portal\/?p=22025"},"modified":"2025-05-16T20:24:28","modified_gmt":"2025-05-16T18:24:28","slug":"doppelte-ehre-fuer-die-raiffeisen-flyers","status":"publish","type":"post","link":"https:\/\/www.flyerswels.at\/portal\/doppelte-ehre-fuer-die-raiffeisen-flyers\/","title":{"rendered":"Doppelte Ehre f\u00fcr die Raiffeisen Flyers!"},"content":{"rendered":"<p><span style=\"color: #000000;\">Eine besondere Ehre wurde zwei Akteuren der Raiffeisen Flyers zu Teil. Headcoach <strong>Sebastian Waser<\/strong> wurde zum &#8220;COACH OF THE YEAR&#8221; und Kapit\u00e4n <strong>Christian von Fintel<\/strong> zum &#8220;DEFENSIVE PLAYER OF THE YEAR&#8221; gew\u00e4hlt.<\/span><br \/>\n<span style=\"color: #000000;\">Noch nie zuvor wurden diese Auszeichnungen Welser Coaches oder Spielern zugesprochen und zeigt welch Entwicklung das Team aus Wels die letzten Jahre nahm.<\/span><br \/>\n<span style=\"color: #000000;\">Bislang gelang es mit <strong>Armin Woschank<\/strong> und <strong>Davor Lamesic<\/strong> nur 3 Spielern aus Wels einen Award einzuheimsen. Sie wurden jeweils zum Most Austrian MVP gew\u00e4hlt! Als Legion\u00e4r erhielt <strong>Ricky Moore<\/strong> den Finals MVP 2009!<\/span><\/p>\n<p><span style=\"color: #000000;\">Aus diesem Grund haben wir die Beiden aktuellen Award-Gewinner zum Interview gebeten:<\/span><\/p>\n<p class=\"v1msonormal1\"><span style=\"color: #000000;\">Lieber Sebastian, herzlichen Gl\u00fcckwunsch zur Auszeichnung \u201eCoach of the Year\u201c der Saison 24\/25. Was bedeutet dir diese Auszeichnung?<\/span><\/p>\n<p class=\"v1msonormal1\"><span style=\"color: #3366ff;\">Sebastian: \u201eEs ist eine tolle Best\u00e4tigung f\u00fcr unsere gute Arbeit im Laufe der regul\u00e4ren Saison und im Cup Bewerb. Ich bedanke mich allen Coaches und Kapit\u00e4nen f\u00fcr Ihre Stimme.<\/span><\/p>\n<p class=\"v1msonormal1\"><span style=\"color: #000000;\">Du kamst als absoluter Newcomer in die Liga und bist mittlerweile der am l\u00e4ngsten dienende Coach der Liga und gehst im Herbst in deine 9. Saison als Headcoach der Raiffeisen Flyers. Wie siehst du deine pers\u00f6nliche Entwicklung \u00fcber diesen langen Zeitraum die auch zu diesem Erfolg f\u00fchrte? Zumal du ja nicht nur das Amt des Coaches bei den Flyers aus\u00fcbst.<\/span><\/p>\n<p class=\"v1msonormal1\"><span style=\"color: #3366ff;\">Sebastian: \u201eEs war bis dato eine tolle Zeit, in der ich viel lernen durfte. Man gab mir hier in Wels die Chance\u00a0 meine Spielidee und meine Vorstellungen von Basketball auf h\u00f6chstem Niveau in \u00d6sterreich umzusetzen. Bei dieser geht es nicht nur um Resultate und Titel sondern auch darum Spielern aus dem In- und Ausland auf das n\u00e4chste Level zu verhelfen. Das kann der Traum &#8220;vom Nachwuchsspieler zum Profi&#8221;\u00a0 oder eben der Sprung vom Legion\u00e4rs-Rookie in eine Top-Liga in Europa sein. Beispiele wie eben Elvir Jakupovic oder Tylan Birts, der zu einem der besten drei Verteidiger in der FIBA Champions League vor wenigen Tagen gew\u00e4hlt wurde, zeigen, dass dieser Weg funktionieren kann. Wenn wir zus\u00e4tzlich noch um Titel mitspielen wie in den letzten beiden Cup-Bewerben, freut das nat\u00fcrlich doppelt. M\u00f6glich ist das nat\u00fcrlich nur durch ein tolles Teamwork zwischen der sportlichen Abteilung, die ich anf\u00fchre und dem Management rund um Michael Dittrich. Jeder bringt seine St\u00e4rken ein und am Ende profitiert der Verein dadurch.&#8221;<\/span><\/p>\n<p class=\"v1msonormal1\"><span style=\"color: #000000;\">Es ist eine Auszeichnung bei der rein Headcoaches der anderen Teams und deren Kapit\u00e4ne abgestimmt haben. Wie stehst du in Kontakt mit deinen Kontrahenten?<\/span><\/p>\n<p class=\"v1msonormal1\"><span style=\"color: #3366ff;\">Sebastian: \u201eMit dem einen mehr, mit dem einen weniger. Je mehr eine Saison in die Zielgeraden geht, desto mehr fokussiert man sich auf sein eigenes Team und der Kontakt nimmt ab. Im Sommer ist der Austausch intensiver. Die BSL ist ein sportlich fairer Wettkampf, bei dem sich Coaches und Spieler auf Augenh\u00f6he begegnen.&#8221;<\/span><\/p>\n<p class=\"v1msonormal1\"><span style=\"color: #000000;\">Die Saison verlief unglaublich erfolgreich vielen Siegen und tollen Highlights, auch wenn jeweils im entscheidenden Moment (Cupfinale u. Playoffs) das Qu\u00e4ntchen Gl\u00fcck nicht auf der Seite unseres Teams war. Was sind deine pers\u00f6nlichen Schl\u00fcsse daraus?<\/span><\/p>\n<p class=\"v1msonormal1\"><span style=\"color: #3366ff;\">Sebastian: \u201eErstmals muss man der Mannschaft zu einer tollen Saison gratulieren. Von September bis April war man immer voll fokussiert und das trotz der einen oder anderen mittelschweren Verletzung. Man hat nie aufgegeben und viele knappe Spiele gewonnen. Ich denke, dass das die Mannschaft ausgezeichnet hat. In den Playoffs mussten wir vor allem dem &#8220;Traum vom Platz 1&#8243; geschlagen geben. Das soll hei\u00dfen, dass wir viel Kraft aufwenden mussten um diese Top Position zu halten bzw. zu erobern. Kombiniert mit den Verletzungen und den g\u00e4ngigen Verschlei\u00dferscheinungen einer langen Meisterschaft, hat uns das am Ende wahrscheinlich einen besseren Playoff-Run gekostet. Ob man daraus ableiten sollte, in Zukunft weniger Wert auf die regul\u00e4re Saison zu legen, wei\u00df ich aber nicht zu 100%.&#8221;<\/span><\/p>\n<p class=\"v1msonormal1\"><span style=\"color: #800000;\">Chris: \u201eAls Sportler lebst und w\u00e4chst du daran, wie sehr du Erfahrungen zum einen erfahren darfst, aber auch verwerten kannst. Was ich damit meine ist, dass du dich selbst in Situationen bringen musst in denen du neue Erfahrungen sammeln kannst. Dann musst du aber auch bereit sein diese zu verarbeiten und daran zu wachsen. Dieser Weg geht nur mit Selbstkritik.<\/span><br \/>\n<span style=\"color: #800000;\">Wir als Spieler, Team, Organisation haben uns in diesem Jahr \u201eoben\u201c etabliert. Das war wichtig und macht mich stolz. Am Ende hat uns die Ruhe und Finesse gefehlt. Aufgrund von Verletzungen haben uns bei der Ausbildung dieser Attribute wichtige Wochen von Schl\u00fcsselspielern gefehlt. Ich wei\u00df jetzt, dass ich diesen Prozess als Kapit\u00e4n schneller voran treiben muss.\u201c<\/span><\/p>\n<p class=\"v1msonormal1\"><span style=\"color: #000000;\">Lieber Chris, herzliche Gratulation zu deiner Auszeichnung \u201eDefensive Player of the Year\u201c! Was bedeutet dir diese Auszeichnung?<\/span><\/p>\n<p class=\"v1msonormal1\"><span style=\"color: #800000;\">Chris: \u201eVielen Dank. Diese Auszeichnung bedeutet mir einiges. Defensive und Energie sind die Attribute, welche mir vor 16 Jahren die M\u00f6glichkeit gaben Profi zu werden. Der Award steht f\u00fcr mich f\u00fcr einen langen Weg aber auch f\u00fcr einige weitere Schritte. Es freut mich, dass ich meinen Spielstil in der BSL etablieren konnte.\u201c<\/span><\/p>\n<p class=\"v1msonormal1\"><span style=\"color: #000000;\">Ein individueller Award zeigt auch wie sehr du in dieser Disziplin aufgefallen bist. Seit dem du in Wels bist lebst du nicht nur f\u00fcr diese Aufgabe sondern verk\u00f6rperst auch mit diese Einstellung den Club. Was glaubst du zeichnet sich besonders aus und wie kannst du das an weitere Generationen weitergeben?<\/span><\/p>\n<p class=\"v1msonormal1\"><span style=\"color: #800000;\">Chris: \u201eVor 5 Jahren haben die Flyers in mir etwas gesehen, was in ihr System passen k\u00f6nnte. Ich als Spieler habe eine M\u00f6glichkeit in Coach Wasers Spielsystem gesehen. Etwas tiefer zeigte sich dann die \u201eharte Arbeit\u201c-Mentalit\u00e4t des Clubs und der Verantwortlichen. Ich wusste dass ich hierher passe. Und auch das m\u00f6chte ich weitergeben, \u201enichts ist selbstverst\u00e4ndlich, auch nicht im Sport. Investment, f\u00fcr, und Respekt, vor, einer Situation sind elementar\u201c.<\/span><br \/>\n<span style=\"color: #800000;\">Dies sind auch meine Attribute die ich gerne weitergeben und vorleben m\u00f6chte. Ich bin dankbar und stolz Basketball zu spielen. Daf\u00fcr investiere ich jeden Tag. Wenn ich davon etwas an kommende Generationen weitergeben kann, dann bin ich gl\u00fccklich.&#8221;<\/span><\/p>\n<p class=\"v1msonormal1\"><span style=\"color: #000000;\">Nun erleben wir ein rein burgenl\u00e4ndisches Finale. Mit dabei auch die Dragonz die nach den Flyers nun auch die Swans aus dem Bewerb warfen. Am ersten Blick fast unglaublich, oder doch nicht? Wie seht ihr das Ganze?<\/span><\/p>\n<p class=\"v1msonormal1\"><span style=\"color: #3366ff;\">Sebastian: \u201eErstmals Gratulation nach Eisenstadt. Sie haben sowohl gegen uns als auch gegen Gmunden verdient gewonnen. Aufgrund der Jugend des Clubs und der Stadt in der BSL, ist eine \u00dcberraschung, ja. Wenn man jedoch den Kader der Dragonz genauer analysiert, sieht man dass kein &#8220;Underdog-Team&#8221; im herk\u00f6mmlichen Sinn ist. Sie haben ihren Kader Monat f\u00fcr Monat umgebaut und sind am Ende mit 7 Legion\u00e4ren am Start. Die meisten sind Schl\u00fcsselkr\u00e4fte aus den USA. Diesen Luxus h\u00e4tten viele andere Teams gerne. Kombiniert mit der &#8220;Underdog-Rolle&#8221; sind sie dadurch nat\u00fcrlich Brand gef\u00e4hrlich und k\u00f6nnen auch Oberwart im Finale fordern.&#8221;<\/span><\/p>\n<p class=\"v1msonormal1\"><span style=\"color: #800000;\">Chris: \u201eEisenstadt war zu keinem Zeitpunkt der Saison leicht zu spielen. Selbst mit einem stark dezimierten Kader, zu Beginn der Saison, haben sie uns einen harten Kampf geliefert. \u00dcberraschung ist f\u00fcr mich das falsche Wort, eher ist ihr Erfolg eine deutliches Zeichen wie stark das Momentum im Sport sein kann. Sie haben sich in Richtung der Playoffs in einen Rausch gespielt und reiten seither auf dieser Welle. Das respektiere ich sehr, auch wenn es schmerzt, dass wir diesen Flow nicht brechen konnten.&#8221;<\/span><\/p>\n<p class=\"v1msonormal1\"><span style=\"color: #000000;\">Zum Abschluss. Bitte gebt uns einen kurzen Ausblick auf den Sommer und die Planungen f\u00fcr die kommende Saison.<\/span><\/p>\n<p class=\"v1msonormal1\"><span style=\"color: #3366ff;\">Sebastian: \u201eWir sind bereits mittendrin in der Kaderzusammenstellung f\u00fcr die kommende Spielzeit. Nach so einer guten Saison, speziell im individuellen Bereich, wird es sehr schwer sein, alle unsere Leistungstr\u00e4ger an Bord zu halten. Wir f\u00fchren gute Gespr\u00e4che und ich bin zuversichtlich, dass wir im August mit einer hungrigen und guten Mannschaft in die Vorbereitung starten werden.&#8221;<\/span><\/p>\n<p class=\"v1msonormal1\"><span style=\"color: #800000;\">Chris: \u201eDer Sommer ist daf\u00fcr da um besser zu werden [grinsend]. Meine Planung f\u00fcr n\u00e4chstes Jahr ist einfach, \u201eich greife mit den Flyers ganz oben an\u201c. Danke an das ganzen Management, Coach und Sponsoren f\u00fcr euer Investment und den Aufwand. Lasst uns alle unterst\u00fctzen f\u00fcr ein gemeinsames Ziel !&#8221;<\/span><\/p>\n<p class=\"v1msonormal1\"><span style=\"color: #000000;\">Vielen Dank f\u00fcr eure Zeit und weiterhin alles Gute!<\/span><\/p>\n","protected":false},"excerpt":{"rendered":"<p>Eine besondere Ehre wurde zwei Akteuren der Raiffeisen Flyers zu Teil. Headcoach Sebastian Waser wurde zum &#8220;COACH OF THE YEAR&#8221; und Kapit\u00e4n Christian von Fintel zum &#8220;DEFENSIVE PLAYER OF THE YEAR&#8221; gew\u00e4hlt. Noch nie zuvor wurden diese Auszeichnungen Welser Coaches oder Spielern zugesprochen und zeigt welch Entwicklung das Team aus Wels die letzten Jahre nahm. [&hellip;]<\/p>\n","protected":false},"author":14,"featured_media":22028,"comment_status":"closed","ping_status":"closed","sticky":false,"template":"","format":"standard","meta":{"footnotes":""},"categories":[1,395],"tags":[],"class_list":["post-22025","post","type-post","status-publish","format-standard","has-post-thumbnail","hentry","category-allgemein","category-flyers-wels-news"],"yoast_head":"<!-- This site is optimized with the Yoast SEO plugin v26.0 - https:\/\/yoast.com\/wordpress\/plugins\/seo\/ -->\n<title>Doppelte Ehre f\u00fcr die Raiffeisen Flyers! - FlyersWELS - Raiffeisen Flyers Wels<\/title>\n<meta name=\"robots\" content=\"index, follow, max-snippet:-1, max-image-preview:large, max-video-preview:-1\" \/>\n<link rel=\"canonical\" href=\"https:\/\/www.flyerswels.at\/portal\/doppelte-ehre-fuer-die-raiffeisen-flyers\/\" \/>\n<meta property=\"og:locale\" content=\"de_DE\" \/>\n<meta property=\"og:type\" content=\"article\" \/>\n<meta property=\"og:title\" content=\"Doppelte Ehre f\u00fcr die Raiffeisen Flyers! - FlyersWELS - Raiffeisen Flyers Wels\" \/>\n<meta property=\"og:description\" content=\"Eine besondere Ehre wurde zwei Akteuren der Raiffeisen Flyers zu Teil. Headcoach Sebastian Waser wurde zum &#8220;COACH OF THE YEAR&#8221; und Kapit\u00e4n Christian von Fintel zum &#8220;DEFENSIVE PLAYER OF THE YEAR&#8221; gew\u00e4hlt. Noch nie zuvor wurden diese Auszeichnungen Welser Coaches oder Spielern zugesprochen und zeigt welch Entwicklung das Team aus Wels die letzten Jahre nahm. [&hellip;]\" \/>\n<meta property=\"og:url\" content=\"https:\/\/www.flyerswels.at\/portal\/doppelte-ehre-fuer-die-raiffeisen-flyers\/\" \/>\n<meta property=\"og:site_name\" content=\"FlyersWELS - Raiffeisen Flyers Wels\" \/>\n<meta property=\"article:publisher\" content=\"https:\/\/www.facebook.com\/wbcwels\/\" \/>\n<meta property=\"article:published_time\" content=\"2025-05-16T14:59:45+00:00\" \/>\n<meta property=\"article:modified_time\" content=\"2025-05-16T18:24:28+00:00\" \/>\n<meta property=\"og:image\" content=\"https:\/\/www.flyerswels.at\/portal\/wp-content\/uploads\/2025\/05\/COY-DOPY.jpg\" \/>\n\t<meta property=\"og:image:width\" content=\"750\" \/>\n\t<meta property=\"og:image:height\" content=\"360\" \/>\n\t<meta property=\"og:image:type\" content=\"image\/jpeg\" \/>\n<meta name=\"author\" content=\"FlyersWels\" \/>\n<meta name=\"twitter:card\" content=\"summary_large_image\" \/>\n<meta name=\"twitter:label1\" content=\"Verfasst von\" \/>\n\t<meta name=\"twitter:data1\" content=\"FlyersWels\" \/>\n\t<meta name=\"twitter:label2\" content=\"Gesch\u00e4tzte Lesezeit\" \/>\n\t<meta name=\"twitter:data2\" content=\"8\u00a0Minuten\" \/>\n<script type=\"application\/ld+json\" class=\"yoast-schema-graph\">{\"@context\":\"https:\/\/schema.org\",\"@graph\":[{\"@type\":\"WebPage\",\"@id\":\"https:\/\/www.flyerswels.at\/portal\/doppelte-ehre-fuer-die-raiffeisen-flyers\/\",\"url\":\"https:\/\/www.flyerswels.at\/portal\/doppelte-ehre-fuer-die-raiffeisen-flyers\/\",\"name\":\"Doppelte Ehre f\u00fcr die Raiffeisen Flyers! - FlyersWELS - Raiffeisen Flyers Wels\",\"isPartOf\":{\"@id\":\"https:\/\/www.flyerswels.at\/portal\/#website\"},\"primaryImageOfPage\":{\"@id\":\"https:\/\/www.flyerswels.at\/portal\/doppelte-ehre-fuer-die-raiffeisen-flyers\/#primaryimage\"},\"image\":{\"@id\":\"https:\/\/www.flyerswels.at\/portal\/doppelte-ehre-fuer-die-raiffeisen-flyers\/#primaryimage\"},\"thumbnailUrl\":\"https:\/\/www.flyerswels.at\/portal\/wp-content\/uploads\/2025\/05\/COY-DOPY.jpg\",\"datePublished\":\"2025-05-16T14:59:45+00:00\",\"dateModified\":\"2025-05-16T18:24:28+00:00\",\"author\":{\"@id\":\"https:\/\/www.flyerswels.at\/portal\/#\/schema\/person\/5538a2e3a6c2fbb267cdc0fb0fe8a40a\"},\"breadcrumb\":{\"@id\":\"https:\/\/www.flyerswels.at\/portal\/doppelte-ehre-fuer-die-raiffeisen-flyers\/#breadcrumb\"},\"inLanguage\":\"de\",\"potentialAction\":[{\"@type\":\"ReadAction\",\"target\":[\"https:\/\/www.flyerswels.at\/portal\/doppelte-ehre-fuer-die-raiffeisen-flyers\/\"]}]},{\"@type\":\"ImageObject\",\"inLanguage\":\"de\",\"@id\":\"https:\/\/www.flyerswels.at\/portal\/doppelte-ehre-fuer-die-raiffeisen-flyers\/#primaryimage\",\"url\":\"https:\/\/www.flyerswels.at\/portal\/wp-content\/uploads\/2025\/05\/COY-DOPY.jpg\",\"contentUrl\":\"https:\/\/www.flyerswels.at\/portal\/wp-content\/uploads\/2025\/05\/COY-DOPY.jpg\",\"width\":750,\"height\":360},{\"@type\":\"BreadcrumbList\",\"@id\":\"https:\/\/www.flyerswels.at\/portal\/doppelte-ehre-fuer-die-raiffeisen-flyers\/#breadcrumb\",\"itemListElement\":[{\"@type\":\"ListItem\",\"position\":1,\"name\":\"Home\",\"item\":\"https:\/\/www.flyerswels.at\/portal\/homepage-2\/\"},{\"@type\":\"ListItem\",\"position\":2,\"name\":\"Doppelte Ehre f\u00fcr die Raiffeisen Flyers!\"}]},{\"@type\":\"WebSite\",\"@id\":\"https:\/\/www.flyerswels.at\/portal\/#website\",\"url\":\"https:\/\/www.flyerswels.at\/portal\/\",\"name\":\"FlyersWELS - Raiffeisen Flyers Wels\",\"description\":\"Die Flyers Wels informieren mit Spielberichten, aktueller Tabelle, Termin\u00fcbersicht und Vorstellung des Kaders. Immer aktuelle News und Fotos.\",\"potentialAction\":[{\"@type\":\"SearchAction\",\"target\":{\"@type\":\"EntryPoint\",\"urlTemplate\":\"https:\/\/www.flyerswels.at\/portal\/?s={search_term_string}\"},\"query-input\":{\"@type\":\"PropertyValueSpecification\",\"valueRequired\":true,\"valueName\":\"search_term_string\"}}],\"inLanguage\":\"de\"},{\"@type\":\"Person\",\"@id\":\"https:\/\/www.flyerswels.at\/portal\/#\/schema\/person\/5538a2e3a6c2fbb267cdc0fb0fe8a40a\",\"name\":\"FlyersWels\",\"url\":\"https:\/\/www.flyerswels.at\/portal\/author\/flyerswels\/\"}]}<\/script>\n<!-- \/ Yoast SEO plugin. -->","yoast_head_json":{"title":"Doppelte Ehre f\u00fcr die Raiffeisen Flyers! - FlyersWELS - Raiffeisen Flyers Wels","robots":{"index":"index","follow":"follow","max-snippet":"max-snippet:-1","max-image-preview":"max-image-preview:large","max-video-preview":"max-video-preview:-1"},"canonical":"https:\/\/www.flyerswels.at\/portal\/doppelte-ehre-fuer-die-raiffeisen-flyers\/","og_locale":"de_DE","og_type":"article","og_title":"Doppelte Ehre f\u00fcr die Raiffeisen Flyers! - FlyersWELS - Raiffeisen Flyers Wels","og_description":"Eine besondere Ehre wurde zwei Akteuren der Raiffeisen Flyers zu Teil. Headcoach Sebastian Waser wurde zum &#8220;COACH OF THE YEAR&#8221; und Kapit\u00e4n Christian von Fintel zum &#8220;DEFENSIVE PLAYER OF THE YEAR&#8221; gew\u00e4hlt. Noch nie zuvor wurden diese Auszeichnungen Welser Coaches oder Spielern zugesprochen und zeigt welch Entwicklung das Team aus Wels die letzten Jahre nahm. [&hellip;]","og_url":"https:\/\/www.flyerswels.at\/portal\/doppelte-ehre-fuer-die-raiffeisen-flyers\/","og_site_name":"FlyersWELS - Raiffeisen Flyers Wels","article_publisher":"https:\/\/www.facebook.com\/wbcwels\/","article_published_time":"2025-05-16T14:59:45+00:00","article_modified_time":"2025-05-16T18:24:28+00:00","og_image":[{"width":750,"height":360,"url":"https:\/\/www.flyerswels.at\/portal\/wp-content\/uploads\/2025\/05\/COY-DOPY.jpg","type":"image\/jpeg"}],"author":"FlyersWels","twitter_card":"summary_large_image","twitter_misc":{"Verfasst von":"FlyersWels","Gesch\u00e4tzte Lesezeit":"8\u00a0Minuten"},"schema":{"@context":"https:\/\/schema.org","@graph":[{"@type":"WebPage","@id":"https:\/\/www.flyerswels.at\/portal\/doppelte-ehre-fuer-die-raiffeisen-flyers\/","url":"https:\/\/www.flyerswels.at\/portal\/doppelte-ehre-fuer-die-raiffeisen-flyers\/","name":"Doppelte Ehre f\u00fcr die Raiffeisen Flyers! - FlyersWELS - Raiffeisen Flyers Wels","isPartOf":{"@id":"https:\/\/www.flyerswels.at\/portal\/#website"},"primaryImageOfPage":{"@id":"https:\/\/www.flyerswels.at\/portal\/doppelte-ehre-fuer-die-raiffeisen-flyers\/#primaryimage"},"image":{"@id":"https:\/\/www.flyerswels.at\/portal\/doppelte-ehre-fuer-die-raiffeisen-flyers\/#primaryimage"},"thumbnailUrl":"https:\/\/www.flyerswels.at\/portal\/wp-content\/uploads\/2025\/05\/COY-DOPY.jpg","datePublished":"2025-05-16T14:59:45+00:00","dateModified":"2025-05-16T18:24:28+00:00","author":{"@id":"https:\/\/www.flyerswels.at\/portal\/#\/schema\/person\/5538a2e3a6c2fbb267cdc0fb0fe8a40a"},"breadcrumb":{"@id":"https:\/\/www.flyerswels.at\/portal\/doppelte-ehre-fuer-die-raiffeisen-flyers\/#breadcrumb"},"inLanguage":"de","potentialAction":[{"@type":"ReadAction","target":["https:\/\/www.flyerswels.at\/portal\/doppelte-ehre-fuer-die-raiffeisen-flyers\/"]}]},{"@type":"ImageObject","inLanguage":"de","@id":"https:\/\/www.flyerswels.at\/portal\/doppelte-ehre-fuer-die-raiffeisen-flyers\/#primaryimage","url":"https:\/\/www.flyerswels.at\/portal\/wp-content\/uploads\/2025\/05\/COY-DOPY.jpg","contentUrl":"https:\/\/www.flyerswels.at\/portal\/wp-content\/uploads\/2025\/05\/COY-DOPY.jpg","width":750,"height":360},{"@type":"BreadcrumbList","@id":"https:\/\/www.flyerswels.at\/portal\/doppelte-ehre-fuer-die-raiffeisen-flyers\/#breadcrumb","itemListElement":[{"@type":"ListItem","position":1,"name":"Home","item":"https:\/\/www.flyerswels.at\/portal\/homepage-2\/"},{"@type":"ListItem","position":2,"name":"Doppelte Ehre f\u00fcr die Raiffeisen Flyers!"}]},{"@type":"WebSite","@id":"https:\/\/www.flyerswels.at\/portal\/#website","url":"https:\/\/www.flyerswels.at\/portal\/","name":"FlyersWELS - Raiffeisen Flyers Wels","description":"Die Flyers Wels informieren mit Spielberichten, aktueller Tabelle, Termin\u00fcbersicht und Vorstellung des Kaders. Immer aktuelle News und Fotos.","potentialAction":[{"@type":"SearchAction","target":{"@type":"EntryPoint","urlTemplate":"https:\/\/www.flyerswels.at\/portal\/?s={search_term_string}"},"query-input":{"@type":"PropertyValueSpecification","valueRequired":true,"valueName":"search_term_string"}}],"inLanguage":"de"},{"@type":"Person","@id":"https:\/\/www.flyerswels.at\/portal\/#\/schema\/person\/5538a2e3a6c2fbb267cdc0fb0fe8a40a","name":"FlyersWels","url":"https:\/\/www.flyerswels.at\/portal\/author\/flyerswels\/"}]}},"_links":{"self":[{"href":"https:\/\/www.flyerswels.at\/portal\/wp-json\/wp\/v2\/posts\/22025","targetHints":{"allow":["GET"]}}],"collection":[{"href":"https:\/\/www.flyerswels.at\/portal\/wp-json\/wp\/v2\/posts"}],"about":[{"href":"https:\/\/www.flyerswels.at\/portal\/wp-json\/wp\/v2\/types\/post"}],"author":[{"embeddable":true,"href":"https:\/\/www.flyerswels.at\/portal\/wp-json\/wp\/v2\/users\/14"}],"replies":[{"embeddable":true,"href":"https:\/\/www.flyerswels.at\/portal\/wp-json\/wp\/v2\/comments?post=22025"}],"version-history":[{"count":0,"href":"https:\/\/www.flyerswels.at\/portal\/wp-json\/wp\/v2\/posts\/22025\/revisions"}],"wp:featuredmedia":[{"embeddable":true,"href":"https:\/\/www.flyerswels.at\/portal\/wp-json\/wp\/v2\/media\/22028"}],"wp:attachment":[{"href":"https:\/\/www.flyerswels.at\/portal\/wp-json\/wp\/v2\/media?parent=22025"}],"wp:term":[{"taxonomy":"category","embeddable":true,"href":"https:\/\/www.flyerswels.at\/portal\/wp-json\/wp\/v2\/categories?post=22025"},{"taxonomy":"post_tag","embeddable":true,"href":"https:\/\/www.flyerswels.at\/portal\/wp-json\/wp\/v2\/tags?post=22025"}],"curies":[{"name":"wp","href":"https:\/\/api.w.org\/{rel}","templated":true}]}}