{"id":22421,"date":"2025-08-18T17:33:09","date_gmt":"2025-08-18T15:33:09","guid":{"rendered":"https:\/\/www.flyerswels.at\/portal\/?p=22077"},"modified":"2025-08-18T17:33:09","modified_gmt":"2025-08-18T15:33:09","slug":"raiffeisen-flyers-wels-verpflichten-duje-radja","status":"publish","type":"post","link":"https:\/\/www.flyerswels.at\/portal\/raiffeisen-flyers-wels-verpflichten-duje-radja\/","title":{"rendered":"Raiffeisen Flyers Wels verpflichten Duje Radja"},"content":{"rendered":"<p data-start=\"132\" data-end=\"379\">Die Raiffeisen Flyers Wels schlie\u00dfen ihre Kaderplanung f\u00fcr die kommende Saison mit der Verpflichtung des kroatischen Centers <strong data-start=\"257\" data-end=\"271\">Duje Radja<\/strong> ab. Der 203cm gro\u00dfe Bigman verst\u00e4rkt das Team im Frontcourt und bringt internationale Erfahrung nach Wels.<\/p>\n<p data-start=\"381\" data-end=\"666\">Der 27-j\u00e4hrige Radja spielte in den vergangenen Jahren f\u00fcr mehrere Vereine in Europa und gilt als physisch starker Akteur, der sowohl defensiv als auch offensiv wichtige Impulse setzen kann. Mit seiner Gr\u00f6\u00dfe und Pr\u00e4senz unter dem Korb erweitert er die taktischen M\u00f6glichkeiten des Flyers-Coachings.<\/p>\n<p data-start=\"668\" data-end=\"912\">Duje machte seine Basketballausbildung in den USA und wuchs auch mehrheitlich in den Staaten auf. Das auch aufgrund seines Vaters. Sein Vater <strong data-start=\"755\" data-end=\"769\">Dino Radja<\/strong> geh\u00f6rte in den 1990er-Jahren zu den pr\u00e4genden europ\u00e4ischen Spielern in der NBA und stand unter anderem bei den Boston Celtics unter Vertrag.<\/p>\n<p data-start=\"914\" data-end=\"1050\">Mit der Verpflichtung von Duje Radja sind die Transferaktivit\u00e4ten der Raiffeisen Flyers Wels f\u00fcr die kommende Spielzeit abgeschlossen.<\/p>\n<p data-start=\"1052\" data-end=\"1123\"><strong data-start=\"1052\" data-end=\"1121\">Die Raiffeisen Flyers Wels hei\u00dfen Duje Radja herzlich willkommen.<\/strong><\/p>\n","protected":false},"excerpt":{"rendered":"<p>Die Raiffeisen Flyers Wels schlie\u00dfen ihre Kaderplanung f\u00fcr die kommende Saison mit der Verpflichtung des kroatischen Centers Duje Radja ab. Der 203cm gro\u00dfe Bigman verst\u00e4rkt das Team im Frontcourt und bringt internationale Erfahrung nach Wels. Der 27-j\u00e4hrige Radja spielte in den vergangenen Jahren f\u00fcr mehrere Vereine in Europa und gilt als physisch starker Akteur, der [&hellip;]<\/p>\n","protected":false},"author":14,"featured_media":22422,"comment_status":"closed","ping_status":"closed","sticky":false,"template":"","format":"standard","meta":{"footnotes":""},"categories":[1,395],"tags":[],"class_list":["post-22421","post","type-post","status-publish","format-standard","has-post-thumbnail","hentry","category-allgemein","category-flyers-wels-news"],"yoast_head":"<!-- This site is optimized with the Yoast SEO plugin v26.0 - https:\/\/yoast.com\/wordpress\/plugins\/seo\/ -->\n<title>Raiffeisen Flyers Wels verpflichten Duje Radja - FlyersWELS - Raiffeisen Flyers Wels<\/title>\n<meta name=\"robots\" content=\"index, follow, max-snippet:-1, max-image-preview:large, max-video-preview:-1\" \/>\n<link rel=\"canonical\" href=\"https:\/\/www.flyerswels.at\/portal\/raiffeisen-flyers-wels-verpflichten-duje-radja\/\" \/>\n<meta property=\"og:locale\" content=\"de_DE\" \/>\n<meta property=\"og:type\" content=\"article\" \/>\n<meta property=\"og:title\" content=\"Raiffeisen Flyers Wels verpflichten Duje Radja - FlyersWELS - Raiffeisen Flyers Wels\" \/>\n<meta property=\"og:description\" content=\"Die Raiffeisen Flyers Wels schlie\u00dfen ihre Kaderplanung f\u00fcr die kommende Saison mit der Verpflichtung des kroatischen Centers Duje Radja ab. Der 203cm gro\u00dfe Bigman verst\u00e4rkt das Team im Frontcourt und bringt internationale Erfahrung nach Wels. Der 27-j\u00e4hrige Radja spielte in den vergangenen Jahren f\u00fcr mehrere Vereine in Europa und gilt als physisch starker Akteur, der [&hellip;]\" \/>\n<meta property=\"og:url\" content=\"https:\/\/www.flyerswels.at\/portal\/raiffeisen-flyers-wels-verpflichten-duje-radja\/\" \/>\n<meta property=\"og:site_name\" content=\"FlyersWELS - Raiffeisen Flyers Wels\" \/>\n<meta property=\"article:publisher\" content=\"https:\/\/www.facebook.com\/wbcwels\/\" \/>\n<meta property=\"article:published_time\" content=\"2025-08-18T15:33:09+00:00\" \/>\n<meta property=\"og:image\" content=\"https:\/\/www.flyerswels.at\/portal\/wp-content\/uploads\/2025\/08\/Spielerpraesentation.png\" \/>\n\t<meta property=\"og:image:width\" content=\"750\" \/>\n\t<meta property=\"og:image:height\" content=\"360\" \/>\n\t<meta property=\"og:image:type\" content=\"image\/png\" \/>\n<meta name=\"author\" content=\"FlyersWels\" \/>\n<meta name=\"twitter:card\" content=\"summary_large_image\" \/>\n<meta name=\"twitter:label1\" content=\"Verfasst von\" \/>\n\t<meta name=\"twitter:data1\" content=\"FlyersWels\" \/>\n\t<meta name=\"twitter:label2\" content=\"Gesch\u00e4tzte Lesezeit\" \/>\n\t<meta name=\"twitter:data2\" content=\"2\u00a0Minuten\" \/>\n<script type=\"application\/ld+json\" class=\"yoast-schema-graph\">{\"@context\":\"https:\/\/schema.org\",\"@graph\":[{\"@type\":\"WebPage\",\"@id\":\"https:\/\/www.flyerswels.at\/portal\/raiffeisen-flyers-wels-verpflichten-duje-radja\/\",\"url\":\"https:\/\/www.flyerswels.at\/portal\/raiffeisen-flyers-wels-verpflichten-duje-radja\/\",\"name\":\"Raiffeisen Flyers Wels verpflichten Duje Radja - FlyersWELS - Raiffeisen Flyers Wels\",\"isPartOf\":{\"@id\":\"https:\/\/www.flyerswels.at\/portal\/#website\"},\"primaryImageOfPage\":{\"@id\":\"https:\/\/www.flyerswels.at\/portal\/raiffeisen-flyers-wels-verpflichten-duje-radja\/#primaryimage\"},\"image\":{\"@id\":\"https:\/\/www.flyerswels.at\/portal\/raiffeisen-flyers-wels-verpflichten-duje-radja\/#primaryimage\"},\"thumbnailUrl\":\"https:\/\/www.flyerswels.at\/portal\/wp-content\/uploads\/2025\/08\/Spielerpraesentation.png\",\"datePublished\":\"2025-08-18T15:33:09+00:00\",\"author\":{\"@id\":\"https:\/\/www.flyerswels.at\/portal\/#\/schema\/person\/5538a2e3a6c2fbb267cdc0fb0fe8a40a\"},\"breadcrumb\":{\"@id\":\"https:\/\/www.flyerswels.at\/portal\/raiffeisen-flyers-wels-verpflichten-duje-radja\/#breadcrumb\"},\"inLanguage\":\"de\",\"potentialAction\":[{\"@type\":\"ReadAction\",\"target\":[\"https:\/\/www.flyerswels.at\/portal\/raiffeisen-flyers-wels-verpflichten-duje-radja\/\"]}]},{\"@type\":\"ImageObject\",\"inLanguage\":\"de\",\"@id\":\"https:\/\/www.flyerswels.at\/portal\/raiffeisen-flyers-wels-verpflichten-duje-radja\/#primaryimage\",\"url\":\"https:\/\/www.flyerswels.at\/portal\/wp-content\/uploads\/2025\/08\/Spielerpraesentation.png\",\"contentUrl\":\"https:\/\/www.flyerswels.at\/portal\/wp-content\/uploads\/2025\/08\/Spielerpraesentation.png\",\"width\":750,\"height\":360},{\"@type\":\"BreadcrumbList\",\"@id\":\"https:\/\/www.flyerswels.at\/portal\/raiffeisen-flyers-wels-verpflichten-duje-radja\/#breadcrumb\",\"itemListElement\":[{\"@type\":\"ListItem\",\"position\":1,\"name\":\"Home\",\"item\":\"https:\/\/www.flyerswels.at\/portal\/homepage-2\/\"},{\"@type\":\"ListItem\",\"position\":2,\"name\":\"Raiffeisen Flyers Wels verpflichten Duje Radja\"}]},{\"@type\":\"WebSite\",\"@id\":\"https:\/\/www.flyerswels.at\/portal\/#website\",\"url\":\"https:\/\/www.flyerswels.at\/portal\/\",\"name\":\"FlyersWELS - Raiffeisen Flyers Wels\",\"description\":\"Die Flyers Wels informieren mit Spielberichten, aktueller Tabelle, Termin\u00fcbersicht und Vorstellung des Kaders. Immer aktuelle News und Fotos.\",\"potentialAction\":[{\"@type\":\"SearchAction\",\"target\":{\"@type\":\"EntryPoint\",\"urlTemplate\":\"https:\/\/www.flyerswels.at\/portal\/?s={search_term_string}\"},\"query-input\":{\"@type\":\"PropertyValueSpecification\",\"valueRequired\":true,\"valueName\":\"search_term_string\"}}],\"inLanguage\":\"de\"},{\"@type\":\"Person\",\"@id\":\"https:\/\/www.flyerswels.at\/portal\/#\/schema\/person\/5538a2e3a6c2fbb267cdc0fb0fe8a40a\",\"name\":\"FlyersWels\",\"url\":\"https:\/\/www.flyerswels.at\/portal\/author\/flyerswels\/\"}]}<\/script>\n<!-- \/ Yoast SEO plugin. -->","yoast_head_json":{"title":"Raiffeisen Flyers Wels verpflichten Duje Radja - FlyersWELS - Raiffeisen Flyers Wels","robots":{"index":"index","follow":"follow","max-snippet":"max-snippet:-1","max-image-preview":"max-image-preview:large","max-video-preview":"max-video-preview:-1"},"canonical":"https:\/\/www.flyerswels.at\/portal\/raiffeisen-flyers-wels-verpflichten-duje-radja\/","og_locale":"de_DE","og_type":"article","og_title":"Raiffeisen Flyers Wels verpflichten Duje Radja - FlyersWELS - Raiffeisen Flyers Wels","og_description":"Die Raiffeisen Flyers Wels schlie\u00dfen ihre Kaderplanung f\u00fcr die kommende Saison mit der Verpflichtung des kroatischen Centers Duje Radja ab. Der 203cm gro\u00dfe Bigman verst\u00e4rkt das Team im Frontcourt und bringt internationale Erfahrung nach Wels. Der 27-j\u00e4hrige Radja spielte in den vergangenen Jahren f\u00fcr mehrere Vereine in Europa und gilt als physisch starker Akteur, der [&hellip;]","og_url":"https:\/\/www.flyerswels.at\/portal\/raiffeisen-flyers-wels-verpflichten-duje-radja\/","og_site_name":"FlyersWELS - Raiffeisen Flyers Wels","article_publisher":"https:\/\/www.facebook.com\/wbcwels\/","article_published_time":"2025-08-18T15:33:09+00:00","og_image":[{"width":750,"height":360,"url":"https:\/\/www.flyerswels.at\/portal\/wp-content\/uploads\/2025\/08\/Spielerpraesentation.png","type":"image\/png"}],"author":"FlyersWels","twitter_card":"summary_large_image","twitter_misc":{"Verfasst von":"FlyersWels","Gesch\u00e4tzte Lesezeit":"2\u00a0Minuten"},"schema":{"@context":"https:\/\/schema.org","@graph":[{"@type":"WebPage","@id":"https:\/\/www.flyerswels.at\/portal\/raiffeisen-flyers-wels-verpflichten-duje-radja\/","url":"https:\/\/www.flyerswels.at\/portal\/raiffeisen-flyers-wels-verpflichten-duje-radja\/","name":"Raiffeisen Flyers Wels verpflichten Duje Radja - FlyersWELS - Raiffeisen Flyers Wels","isPartOf":{"@id":"https:\/\/www.flyerswels.at\/portal\/#website"},"primaryImageOfPage":{"@id":"https:\/\/www.flyerswels.at\/portal\/raiffeisen-flyers-wels-verpflichten-duje-radja\/#primaryimage"},"image":{"@id":"https:\/\/www.flyerswels.at\/portal\/raiffeisen-flyers-wels-verpflichten-duje-radja\/#primaryimage"},"thumbnailUrl":"https:\/\/www.flyerswels.at\/portal\/wp-content\/uploads\/2025\/08\/Spielerpraesentation.png","datePublished":"2025-08-18T15:33:09+00:00","author":{"@id":"https:\/\/www.flyerswels.at\/portal\/#\/schema\/person\/5538a2e3a6c2fbb267cdc0fb0fe8a40a"},"breadcrumb":{"@id":"https:\/\/www.flyerswels.at\/portal\/raiffeisen-flyers-wels-verpflichten-duje-radja\/#breadcrumb"},"inLanguage":"de","potentialAction":[{"@type":"ReadAction","target":["https:\/\/www.flyerswels.at\/portal\/raiffeisen-flyers-wels-verpflichten-duje-radja\/"]}]},{"@type":"ImageObject","inLanguage":"de","@id":"https:\/\/www.flyerswels.at\/portal\/raiffeisen-flyers-wels-verpflichten-duje-radja\/#primaryimage","url":"https:\/\/www.flyerswels.at\/portal\/wp-content\/uploads\/2025\/08\/Spielerpraesentation.png","contentUrl":"https:\/\/www.flyerswels.at\/portal\/wp-content\/uploads\/2025\/08\/Spielerpraesentation.png","width":750,"height":360},{"@type":"BreadcrumbList","@id":"https:\/\/www.flyerswels.at\/portal\/raiffeisen-flyers-wels-verpflichten-duje-radja\/#breadcrumb","itemListElement":[{"@type":"ListItem","position":1,"name":"Home","item":"https:\/\/www.flyerswels.at\/portal\/homepage-2\/"},{"@type":"ListItem","position":2,"name":"Raiffeisen Flyers Wels verpflichten Duje Radja"}]},{"@type":"WebSite","@id":"https:\/\/www.flyerswels.at\/portal\/#website","url":"https:\/\/www.flyerswels.at\/portal\/","name":"FlyersWELS - Raiffeisen Flyers Wels","description":"Die Flyers Wels informieren mit Spielberichten, aktueller Tabelle, Termin\u00fcbersicht und Vorstellung des Kaders. Immer aktuelle News und Fotos.","potentialAction":[{"@type":"SearchAction","target":{"@type":"EntryPoint","urlTemplate":"https:\/\/www.flyerswels.at\/portal\/?s={search_term_string}"},"query-input":{"@type":"PropertyValueSpecification","valueRequired":true,"valueName":"search_term_string"}}],"inLanguage":"de"},{"@type":"Person","@id":"https:\/\/www.flyerswels.at\/portal\/#\/schema\/person\/5538a2e3a6c2fbb267cdc0fb0fe8a40a","name":"FlyersWels","url":"https:\/\/www.flyerswels.at\/portal\/author\/flyerswels\/"}]}},"_links":{"self":[{"href":"https:\/\/www.flyerswels.at\/portal\/wp-json\/wp\/v2\/posts\/22421","targetHints":{"allow":["GET"]}}],"collection":[{"href":"https:\/\/www.flyerswels.at\/portal\/wp-json\/wp\/v2\/posts"}],"about":[{"href":"https:\/\/www.flyerswels.at\/portal\/wp-json\/wp\/v2\/types\/post"}],"author":[{"embeddable":true,"href":"https:\/\/www.flyerswels.at\/portal\/wp-json\/wp\/v2\/users\/14"}],"replies":[{"embeddable":true,"href":"https:\/\/www.flyerswels.at\/portal\/wp-json\/wp\/v2\/comments?post=22421"}],"version-history":[{"count":0,"href":"https:\/\/www.flyerswels.at\/portal\/wp-json\/wp\/v2\/posts\/22421\/revisions"}],"wp:featuredmedia":[{"embeddable":true,"href":"https:\/\/www.flyerswels.at\/portal\/wp-json\/wp\/v2\/media\/22422"}],"wp:attachment":[{"href":"https:\/\/www.flyerswels.at\/portal\/wp-json\/wp\/v2\/media?parent=22421"}],"wp:term":[{"taxonomy":"category","embeddable":true,"href":"https:\/\/www.flyerswels.at\/portal\/wp-json\/wp\/v2\/categories?post=22421"},{"taxonomy":"post_tag","embeddable":true,"href":"https:\/\/www.flyerswels.at\/portal\/wp-json\/wp\/v2\/tags?post=22421"}],"curies":[{"name":"wp","href":"https:\/\/api.w.org\/{rel}","templated":true}]}}