{"id":7362,"date":"2017-09-14T09:18:23","date_gmt":"2017-09-14T07:18:23","guid":{"rendered":"http:\/\/www.flyerswels.at\/portal\/?p=7362"},"modified":"2017-09-14T09:18:23","modified_gmt":"2017-09-14T07:18:23","slug":"mia-san-mia-in-der-raiffeisen-arena","status":"publish","type":"post","link":"https:\/\/www.flyerswels.at\/portal\/mia-san-mia-in-der-raiffeisen-arena\/","title":{"rendered":"&#8220;Mia san mia&#8221; in der Raiffeisen Arena"},"content":{"rendered":"<p>Am <strong>Freitag<\/strong>, <strong>15.09.2017<\/strong>, um <strong>18:00<\/strong> hei\u00dft es in der Raiffeisen Arena &#8220;mia san mia&#8221;. Passend zum Welser Volksfest kommt der <strong>FC Bayern M\u00fcnchen Basketball II<\/strong> zu den Raiffeisen Flyers Wels.<\/p>\n<p>Trotz gro\u00dfer Personalprobleme (Carlos Novas Mateo f\u00e4llt mit R\u00fcckenproblemen weiterhin aus, Erwin Zulic ist stark angeschlagen und der fehlende Center ist noch nicht in Wels gelandet) werden die Flyers alles versuchen, um dem &#8220;Farmteam&#8221; des deutschen Top-Clubs Paroli bieten zu k\u00f6nnen.<\/p>\n<p>Tickets f\u00fcr das letzte Heim-Testspiel gibt es direkt an der Abendkasse zu einem reduzierten Preis von 7\u20ac, die Saisonkarten 2017\/18 sind g\u00fcltig (kein VIP-Bereich). Bestellte Saisonkarten k\u00f6nnen ebenfalls an der Abendkasse abgeholt werden.<\/p>\n<p>Die Raiffeisen Flyers Wels freuen sich auf zahlreiche Besucher bei ihrem 1. Spiel in der Raiffeisen Arena.<\/p>\n","protected":false},"excerpt":{"rendered":"<p>Am Freitag, 15.09.2017, um 18:00 hei\u00dft es in der Raiffeisen Arena &#8220;mia san mia&#8221;. Passend zum Welser Volksfest kommt der FC Bayern M\u00fcnchen Basketball II zu den Raiffeisen Flyers Wels. Trotz gro\u00dfer Personalprobleme (Carlos Novas Mateo f\u00e4llt mit R\u00fcckenproblemen weiterhin aus, Erwin Zulic ist stark angeschlagen und der fehlende Center ist noch nicht in Wels [&hellip;]<\/p>\n","protected":false},"author":14,"featured_media":7363,"comment_status":"closed","ping_status":"closed","sticky":false,"template":"","format":"standard","meta":{"footnotes":""},"categories":[395],"tags":[],"class_list":["post-7362","post","type-post","status-publish","format-standard","has-post-thumbnail","hentry","category-flyers-wels-news"],"yoast_head":"<!-- This site is optimized with the Yoast SEO plugin v26.0 - https:\/\/yoast.com\/wordpress\/plugins\/seo\/ -->\n<title>&quot;Mia san mia&quot; in der Raiffeisen Arena - FlyersWELS - Raiffeisen Flyers Wels<\/title>\n<meta name=\"robots\" content=\"index, follow, max-snippet:-1, max-image-preview:large, max-video-preview:-1\" \/>\n<link rel=\"canonical\" href=\"https:\/\/www.flyerswels.at\/portal\/mia-san-mia-in-der-raiffeisen-arena\/\" \/>\n<meta property=\"og:locale\" content=\"de_DE\" \/>\n<meta property=\"og:type\" content=\"article\" \/>\n<meta property=\"og:title\" content=\"&quot;Mia san mia&quot; in der Raiffeisen Arena - FlyersWELS - Raiffeisen Flyers Wels\" \/>\n<meta property=\"og:description\" content=\"Am Freitag, 15.09.2017, um 18:00 hei\u00dft es in der Raiffeisen Arena &#8220;mia san mia&#8221;. Passend zum Welser Volksfest kommt der FC Bayern M\u00fcnchen Basketball II zu den Raiffeisen Flyers Wels. Trotz gro\u00dfer Personalprobleme (Carlos Novas Mateo f\u00e4llt mit R\u00fcckenproblemen weiterhin aus, Erwin Zulic ist stark angeschlagen und der fehlende Center ist noch nicht in Wels [&hellip;]\" \/>\n<meta property=\"og:url\" content=\"https:\/\/www.flyerswels.at\/portal\/mia-san-mia-in-der-raiffeisen-arena\/\" \/>\n<meta property=\"og:site_name\" content=\"FlyersWELS - Raiffeisen Flyers Wels\" \/>\n<meta property=\"article:publisher\" content=\"https:\/\/www.facebook.com\/wbcwels\/\" \/>\n<meta property=\"article:published_time\" content=\"2017-09-14T07:18:23+00:00\" \/>\n<meta property=\"og:image\" content=\"https:\/\/www.flyerswels.at\/portal\/wp-content\/uploads\/2017\/09\/Website-News-Bild-FCBB_750x360.jpg\" \/>\n\t<meta property=\"og:image:width\" content=\"750\" \/>\n\t<meta property=\"og:image:height\" content=\"360\" \/>\n\t<meta property=\"og:image:type\" content=\"image\/jpeg\" \/>\n<meta name=\"author\" content=\"FlyersWels\" \/>\n<meta name=\"twitter:card\" content=\"summary_large_image\" \/>\n<meta name=\"twitter:label1\" content=\"Verfasst von\" \/>\n\t<meta name=\"twitter:data1\" content=\"FlyersWels\" \/>\n\t<meta name=\"twitter:label2\" content=\"Gesch\u00e4tzte Lesezeit\" \/>\n\t<meta name=\"twitter:data2\" content=\"1\u00a0Minute\" \/>\n<script type=\"application\/ld+json\" class=\"yoast-schema-graph\">{\"@context\":\"https:\/\/schema.org\",\"@graph\":[{\"@type\":\"WebPage\",\"@id\":\"https:\/\/www.flyerswels.at\/portal\/mia-san-mia-in-der-raiffeisen-arena\/\",\"url\":\"https:\/\/www.flyerswels.at\/portal\/mia-san-mia-in-der-raiffeisen-arena\/\",\"name\":\"\\\"Mia san mia\\\" in der Raiffeisen Arena - FlyersWELS - Raiffeisen Flyers Wels\",\"isPartOf\":{\"@id\":\"https:\/\/www.flyerswels.at\/portal\/#website\"},\"primaryImageOfPage\":{\"@id\":\"https:\/\/www.flyerswels.at\/portal\/mia-san-mia-in-der-raiffeisen-arena\/#primaryimage\"},\"image\":{\"@id\":\"https:\/\/www.flyerswels.at\/portal\/mia-san-mia-in-der-raiffeisen-arena\/#primaryimage\"},\"thumbnailUrl\":\"https:\/\/www.flyerswels.at\/portal\/wp-content\/uploads\/2017\/09\/Website-News-Bild-FCBB_750x360.jpg\",\"datePublished\":\"2017-09-14T07:18:23+00:00\",\"author\":{\"@id\":\"https:\/\/www.flyerswels.at\/portal\/#\/schema\/person\/5538a2e3a6c2fbb267cdc0fb0fe8a40a\"},\"breadcrumb\":{\"@id\":\"https:\/\/www.flyerswels.at\/portal\/mia-san-mia-in-der-raiffeisen-arena\/#breadcrumb\"},\"inLanguage\":\"de\",\"potentialAction\":[{\"@type\":\"ReadAction\",\"target\":[\"https:\/\/www.flyerswels.at\/portal\/mia-san-mia-in-der-raiffeisen-arena\/\"]}]},{\"@type\":\"ImageObject\",\"inLanguage\":\"de\",\"@id\":\"https:\/\/www.flyerswels.at\/portal\/mia-san-mia-in-der-raiffeisen-arena\/#primaryimage\",\"url\":\"https:\/\/www.flyerswels.at\/portal\/wp-content\/uploads\/2017\/09\/Website-News-Bild-FCBB_750x360.jpg\",\"contentUrl\":\"https:\/\/www.flyerswels.at\/portal\/wp-content\/uploads\/2017\/09\/Website-News-Bild-FCBB_750x360.jpg\",\"width\":750,\"height\":360},{\"@type\":\"BreadcrumbList\",\"@id\":\"https:\/\/www.flyerswels.at\/portal\/mia-san-mia-in-der-raiffeisen-arena\/#breadcrumb\",\"itemListElement\":[{\"@type\":\"ListItem\",\"position\":1,\"name\":\"Home\",\"item\":\"https:\/\/www.flyerswels.at\/portal\/homepage-2\/\"},{\"@type\":\"ListItem\",\"position\":2,\"name\":\"&#8220;Mia san mia&#8221; in der Raiffeisen Arena\"}]},{\"@type\":\"WebSite\",\"@id\":\"https:\/\/www.flyerswels.at\/portal\/#website\",\"url\":\"https:\/\/www.flyerswels.at\/portal\/\",\"name\":\"FlyersWELS - Raiffeisen Flyers Wels\",\"description\":\"Die Flyers Wels informieren mit Spielberichten, aktueller Tabelle, Termin\u00fcbersicht und Vorstellung des Kaders. Immer aktuelle News und Fotos.\",\"potentialAction\":[{\"@type\":\"SearchAction\",\"target\":{\"@type\":\"EntryPoint\",\"urlTemplate\":\"https:\/\/www.flyerswels.at\/portal\/?s={search_term_string}\"},\"query-input\":{\"@type\":\"PropertyValueSpecification\",\"valueRequired\":true,\"valueName\":\"search_term_string\"}}],\"inLanguage\":\"de\"},{\"@type\":\"Person\",\"@id\":\"https:\/\/www.flyerswels.at\/portal\/#\/schema\/person\/5538a2e3a6c2fbb267cdc0fb0fe8a40a\",\"name\":\"FlyersWels\",\"url\":\"https:\/\/www.flyerswels.at\/portal\/author\/flyerswels\/\"}]}<\/script>\n<!-- \/ Yoast SEO plugin. -->","yoast_head_json":{"title":"\"Mia san mia\" in der Raiffeisen Arena - FlyersWELS - Raiffeisen Flyers Wels","robots":{"index":"index","follow":"follow","max-snippet":"max-snippet:-1","max-image-preview":"max-image-preview:large","max-video-preview":"max-video-preview:-1"},"canonical":"https:\/\/www.flyerswels.at\/portal\/mia-san-mia-in-der-raiffeisen-arena\/","og_locale":"de_DE","og_type":"article","og_title":"\"Mia san mia\" in der Raiffeisen Arena - FlyersWELS - Raiffeisen Flyers Wels","og_description":"Am Freitag, 15.09.2017, um 18:00 hei\u00dft es in der Raiffeisen Arena &#8220;mia san mia&#8221;. Passend zum Welser Volksfest kommt der FC Bayern M\u00fcnchen Basketball II zu den Raiffeisen Flyers Wels. Trotz gro\u00dfer Personalprobleme (Carlos Novas Mateo f\u00e4llt mit R\u00fcckenproblemen weiterhin aus, Erwin Zulic ist stark angeschlagen und der fehlende Center ist noch nicht in Wels [&hellip;]","og_url":"https:\/\/www.flyerswels.at\/portal\/mia-san-mia-in-der-raiffeisen-arena\/","og_site_name":"FlyersWELS - Raiffeisen Flyers Wels","article_publisher":"https:\/\/www.facebook.com\/wbcwels\/","article_published_time":"2017-09-14T07:18:23+00:00","og_image":[{"width":750,"height":360,"url":"https:\/\/www.flyerswels.at\/portal\/wp-content\/uploads\/2017\/09\/Website-News-Bild-FCBB_750x360.jpg","type":"image\/jpeg"}],"author":"FlyersWels","twitter_card":"summary_large_image","twitter_misc":{"Verfasst von":"FlyersWels","Gesch\u00e4tzte Lesezeit":"1\u00a0Minute"},"schema":{"@context":"https:\/\/schema.org","@graph":[{"@type":"WebPage","@id":"https:\/\/www.flyerswels.at\/portal\/mia-san-mia-in-der-raiffeisen-arena\/","url":"https:\/\/www.flyerswels.at\/portal\/mia-san-mia-in-der-raiffeisen-arena\/","name":"\"Mia san mia\" in der Raiffeisen Arena - FlyersWELS - Raiffeisen Flyers Wels","isPartOf":{"@id":"https:\/\/www.flyerswels.at\/portal\/#website"},"primaryImageOfPage":{"@id":"https:\/\/www.flyerswels.at\/portal\/mia-san-mia-in-der-raiffeisen-arena\/#primaryimage"},"image":{"@id":"https:\/\/www.flyerswels.at\/portal\/mia-san-mia-in-der-raiffeisen-arena\/#primaryimage"},"thumbnailUrl":"https:\/\/www.flyerswels.at\/portal\/wp-content\/uploads\/2017\/09\/Website-News-Bild-FCBB_750x360.jpg","datePublished":"2017-09-14T07:18:23+00:00","author":{"@id":"https:\/\/www.flyerswels.at\/portal\/#\/schema\/person\/5538a2e3a6c2fbb267cdc0fb0fe8a40a"},"breadcrumb":{"@id":"https:\/\/www.flyerswels.at\/portal\/mia-san-mia-in-der-raiffeisen-arena\/#breadcrumb"},"inLanguage":"de","potentialAction":[{"@type":"ReadAction","target":["https:\/\/www.flyerswels.at\/portal\/mia-san-mia-in-der-raiffeisen-arena\/"]}]},{"@type":"ImageObject","inLanguage":"de","@id":"https:\/\/www.flyerswels.at\/portal\/mia-san-mia-in-der-raiffeisen-arena\/#primaryimage","url":"https:\/\/www.flyerswels.at\/portal\/wp-content\/uploads\/2017\/09\/Website-News-Bild-FCBB_750x360.jpg","contentUrl":"https:\/\/www.flyerswels.at\/portal\/wp-content\/uploads\/2017\/09\/Website-News-Bild-FCBB_750x360.jpg","width":750,"height":360},{"@type":"BreadcrumbList","@id":"https:\/\/www.flyerswels.at\/portal\/mia-san-mia-in-der-raiffeisen-arena\/#breadcrumb","itemListElement":[{"@type":"ListItem","position":1,"name":"Home","item":"https:\/\/www.flyerswels.at\/portal\/homepage-2\/"},{"@type":"ListItem","position":2,"name":"&#8220;Mia san mia&#8221; in der Raiffeisen Arena"}]},{"@type":"WebSite","@id":"https:\/\/www.flyerswels.at\/portal\/#website","url":"https:\/\/www.flyerswels.at\/portal\/","name":"FlyersWELS - Raiffeisen Flyers Wels","description":"Die Flyers Wels informieren mit Spielberichten, aktueller Tabelle, Termin\u00fcbersicht und Vorstellung des Kaders. Immer aktuelle News und Fotos.","potentialAction":[{"@type":"SearchAction","target":{"@type":"EntryPoint","urlTemplate":"https:\/\/www.flyerswels.at\/portal\/?s={search_term_string}"},"query-input":{"@type":"PropertyValueSpecification","valueRequired":true,"valueName":"search_term_string"}}],"inLanguage":"de"},{"@type":"Person","@id":"https:\/\/www.flyerswels.at\/portal\/#\/schema\/person\/5538a2e3a6c2fbb267cdc0fb0fe8a40a","name":"FlyersWels","url":"https:\/\/www.flyerswels.at\/portal\/author\/flyerswels\/"}]}},"_links":{"self":[{"href":"https:\/\/www.flyerswels.at\/portal\/wp-json\/wp\/v2\/posts\/7362","targetHints":{"allow":["GET"]}}],"collection":[{"href":"https:\/\/www.flyerswels.at\/portal\/wp-json\/wp\/v2\/posts"}],"about":[{"href":"https:\/\/www.flyerswels.at\/portal\/wp-json\/wp\/v2\/types\/post"}],"author":[{"embeddable":true,"href":"https:\/\/www.flyerswels.at\/portal\/wp-json\/wp\/v2\/users\/14"}],"replies":[{"embeddable":true,"href":"https:\/\/www.flyerswels.at\/portal\/wp-json\/wp\/v2\/comments?post=7362"}],"version-history":[{"count":0,"href":"https:\/\/www.flyerswels.at\/portal\/wp-json\/wp\/v2\/posts\/7362\/revisions"}],"wp:featuredmedia":[{"embeddable":true,"href":"https:\/\/www.flyerswels.at\/portal\/wp-json\/wp\/v2\/media\/7363"}],"wp:attachment":[{"href":"https:\/\/www.flyerswels.at\/portal\/wp-json\/wp\/v2\/media?parent=7362"}],"wp:term":[{"taxonomy":"category","embeddable":true,"href":"https:\/\/www.flyerswels.at\/portal\/wp-json\/wp\/v2\/categories?post=7362"},{"taxonomy":"post_tag","embeddable":true,"href":"https:\/\/www.flyerswels.at\/portal\/wp-json\/wp\/v2\/tags?post=7362"}],"curies":[{"name":"wp","href":"https:\/\/api.w.org\/{rel}","templated":true}]}}