{"id":7402,"date":"2017-09-22T19:18:36","date_gmt":"2017-09-22T17:18:36","guid":{"rendered":"http:\/\/www.flyerswels.at\/portal\/?p=7402"},"modified":"2017-09-22T19:31:59","modified_gmt":"2017-09-22T17:31:59","slug":"interview-mit-unserem-obmann-michael-dittrich","status":"publish","type":"post","link":"https:\/\/www.flyerswels.at\/portal\/interview-mit-unserem-obmann-michael-dittrich\/","title":{"rendered":"Interview mit unserem Obmann Michael Dittrich"},"content":{"rendered":"<p><strong><em>Wir haben unseren Obmann, Michael Dittrich, zum Interview gebeten. Der sympathische Familienmensch spricht \u00fcber seine Liebe zum Basketball, die Entstehung der Raiffeisen FLYERS Wels bis hin zu sportlichen Zielen mit seinem Verein:\u00a0<\/em><\/strong><\/p>\n<p><strong>Michael, erz\u00e4hl uns bitte etwas zu deiner Person, wie bist du zum Basketball gekommen?<\/strong><br \/>\nMein Name ist Michael Dittrich und bin 34 Jahre alt, verheiratet und stolzer Vater von 4 Kindern.<br \/>\nBesch\u00e4ftigt als leitender Angestellter in Thalheim bei Wels.<br \/>\nDie Leidenschaft zum Basketball bin ich klar meinen Eltern geschuldet, die mich schon in j\u00fcngsten Jahren in die Basketballhalle mitnahmen, als sie noch selbst aktiv waren.<br \/>\nAuch die Funktion\u00e4rst\u00e4tigkeit wurde mir schon sehr bald n\u00e4hergebracht, da mein Vater jahrzehntelang verschiedene Funktionen im O\u00d6BV sowie \u00d6BV inne hatte.<\/p>\n<p>Selbst aktiv spielte ich bei Union Wels und begann schon mit 16 Jahren als Trainer mit Kindern zu arbeiten. Viele mittlerweile erwachsene Kinder durfte ich ein St\u00fcck weit begleiten. Es freut mich immer wieder, wenn ich ehemalige Spieler treffe, denen ich die ersten Schritte in der Basketballhalle n\u00e4her bringen konnte.<\/p>\n<p>&nbsp;<\/p>\n<p><strong>Warum hast du dich daf\u00fcr entschieden, Obmann und Gr\u00fcnder der Raiffeisen FLYERS Wels zu werden?<\/strong><br \/>\nNachdem ich seit meinem 16. Lebensjahr auch als Trainer aktiv bin, war und ist es mir ein gro\u00dfes Anliegen, Kinder und Jugendliche auszubilden und f\u00fcr den Sport zu begeistern.<\/p>\n<p>Als es feststand, dass sich Heinz Peter Fiszter und damit auch der WBC zur\u00fcckziehen w\u00fcrde, sah ich die M\u00f6glichkeit hier etwas Neues zu schaffen. Und dies komplett, als FLYERS!<br \/>\nDie M\u00f6glichkeit, die in vielerlei Hinsicht tolle Arbeit vom WBC fortzuf\u00fchren und so manche Dinge einfach<br \/>\nanders zu machen.<\/p>\n<p>Dass dies nicht leicht wird ist klar. Aber was ist schon leicht im Leben? Packen WIR es an hei\u00dft die Devise!<br \/>\nEin Verein funktioniert nur so gut wie alle Beteiligten sich mit Engagement und deren Ideen einbringen.<\/p>\n<p>&nbsp;<\/p>\n<p><strong>Worauf legst du Wert, was ist dir als FLYERS-Obmann wichtig?<\/strong><br \/>\nRespekt und Fairness jedem, der mir ebenso gegen\u00fcber tritt. Am Feld aber genauso au\u00dferhalb.<br \/>\nEs sollen die Menschen erkennen k\u00f6nnen, dass man es gerne macht.<br \/>\nDie FLYERS als Welser Bundesligaverein wollen f\u00fcr junge Talente ein professionelles Umfeld bieten und ihnen die M\u00f6glichkeit geben, sich zu entwickeln.<\/p>\n<p>Unser Ziel ist es, in Wels Kr\u00e4fte zu b\u00fcndeln und pers\u00f6nliche Egos dem gemeinsamen Ziel hinten an zu stellen.<br \/>\nDass viele Dinge nicht von heute auf morgen funktionieren, war von Anfang an klar.<\/p>\n<p>Ich denke aber viele haben schon jetzt erkannt, wohin die Reise f\u00fchrt und das positive Feedback best\u00e4tigt uns dies auch.<br \/>\nHier einen gro\u00dfen Dank an alle Sponsoren und freiwilligen Helfer! Ohne sie w\u00e4re der Start nicht m\u00f6glich gewesen.<\/p>\n<p>&nbsp;<\/p>\n<p><strong>Wie beurteilst du die aktuelle Preseason der Raiffeisen FLYERS Wels? Wie stehst du zur personellen Thematik?<\/strong><br \/>\nAn dieser Stelle m\u00f6chte ich ein gro\u00dfes Lob an unseren Sportdirektor und Headcoach Sebastian Waser aussprechen.<br \/>\nEr hat es mit sehr viel Energie, n\u00e4chtelangem Scouten und Telefonieren geschafft, dass wir mit einer tollen Mannschaft in die Preseason und bald in die Saison starten k\u00f6nnen.<\/p>\n<p>Man muss sich immer vor Augen f\u00fchren, dass wir erst seit 29.06.2017 offiziell auftreten konnten. Da hatten viele Vereine schon l\u00e4ngst Gespr\u00e4che mit Spielern aufgenommen.<\/p>\n<p>Bei der Position des Centers hatten wir anfangs kein Gl\u00fcck. Dazu zitiere ich aber ein aktuelles Lied: \u201eEgal was kommt, es wird gut, sowieso, immer geht \u00b4ne neue T\u00fcr auf, irgendwo\u2026..\u201c.<br \/>\nUnd diese T\u00fcr verk\u00f6rpert nun unser neuer Center Milovan Draskovic, der mit seinem Speed, seiner Gr\u00f6\u00dfe und seinem Charakter perfekt zu uns passt.<\/p>\n<p>&nbsp;<\/p>\n<p><strong>Wo siehst du dich am Ende der Saison und was sind die Ziele der FLYERS?<\/strong><br \/>\nNach f\u00fcr mich nun fast 10 Monaten \u201ePreseason\u201c bin ich mal froh, wenn die Saison anf\u00e4ngt.<br \/>\nAm Ende der Saison sehe ich mich dann vor allem reich an Erfahrung.<\/p>\n<p>Um Ziele in der BL zu definieren ist es noch zu fr\u00fch. Hier muss man mal einige Runden abwarten, um hier bessere Einsch\u00e4tzungen zu treffen.<br \/>\nVom Gef\u00fchl her denke ich aber, dass wir gut aufgestellt sind und die eine oder andere \u00dcberraschung landen k\u00f6nnen.<\/p>\n","protected":false},"excerpt":{"rendered":"<p>Wir haben unseren Obmann, Michael Dittrich, zum Interview gebeten. Der sympathische Familienmensch spricht \u00fcber seine Liebe zum Basketball, die Entstehung der Raiffeisen FLYERS Wels bis hin zu sportlichen Zielen mit seinem Verein:\u00a0 Michael, erz\u00e4hl uns bitte etwas zu deiner Person, wie bist du zum Basketball gekommen? Mein Name ist Michael Dittrich und bin 34 Jahre [&hellip;]<\/p>\n","protected":false},"author":14,"featured_media":7406,"comment_status":"closed","ping_status":"closed","sticky":false,"template":"","format":"standard","meta":{"footnotes":""},"categories":[395],"tags":[],"class_list":["post-7402","post","type-post","status-publish","format-standard","has-post-thumbnail","hentry","category-flyers-wels-news"],"yoast_head":"<!-- This site is optimized with the Yoast SEO plugin v26.0 - https:\/\/yoast.com\/wordpress\/plugins\/seo\/ -->\n<title>Interview mit unserem Obmann Michael Dittrich - FlyersWELS - Raiffeisen Flyers Wels<\/title>\n<meta name=\"robots\" content=\"index, follow, max-snippet:-1, max-image-preview:large, max-video-preview:-1\" \/>\n<link rel=\"canonical\" href=\"https:\/\/www.flyerswels.at\/portal\/interview-mit-unserem-obmann-michael-dittrich\/\" \/>\n<meta property=\"og:locale\" content=\"de_DE\" \/>\n<meta property=\"og:type\" content=\"article\" \/>\n<meta property=\"og:title\" content=\"Interview mit unserem Obmann Michael Dittrich - FlyersWELS - Raiffeisen Flyers Wels\" \/>\n<meta property=\"og:description\" content=\"Wir haben unseren Obmann, Michael Dittrich, zum Interview gebeten. Der sympathische Familienmensch spricht \u00fcber seine Liebe zum Basketball, die Entstehung der Raiffeisen FLYERS Wels bis hin zu sportlichen Zielen mit seinem Verein:\u00a0 Michael, erz\u00e4hl uns bitte etwas zu deiner Person, wie bist du zum Basketball gekommen? Mein Name ist Michael Dittrich und bin 34 Jahre [&hellip;]\" \/>\n<meta property=\"og:url\" content=\"https:\/\/www.flyerswels.at\/portal\/interview-mit-unserem-obmann-michael-dittrich\/\" \/>\n<meta property=\"og:site_name\" content=\"FlyersWELS - Raiffeisen Flyers Wels\" \/>\n<meta property=\"article:publisher\" content=\"https:\/\/www.facebook.com\/wbcwels\/\" \/>\n<meta property=\"article:published_time\" content=\"2017-09-22T17:18:36+00:00\" \/>\n<meta property=\"article:modified_time\" content=\"2017-09-22T17:31:59+00:00\" \/>\n<meta property=\"og:image\" content=\"https:\/\/www.flyerswels.at\/portal\/wp-content\/uploads\/2017\/09\/Website-News-Interview-1.jpg\" \/>\n\t<meta property=\"og:image:width\" content=\"750\" \/>\n\t<meta property=\"og:image:height\" content=\"360\" \/>\n\t<meta property=\"og:image:type\" content=\"image\/jpeg\" \/>\n<meta name=\"author\" content=\"FlyersWels\" \/>\n<meta name=\"twitter:card\" content=\"summary_large_image\" \/>\n<meta name=\"twitter:label1\" content=\"Verfasst von\" \/>\n\t<meta name=\"twitter:data1\" content=\"FlyersWels\" \/>\n\t<meta name=\"twitter:label2\" content=\"Gesch\u00e4tzte Lesezeit\" \/>\n\t<meta name=\"twitter:data2\" content=\"3\u00a0Minuten\" \/>\n<script type=\"application\/ld+json\" class=\"yoast-schema-graph\">{\"@context\":\"https:\/\/schema.org\",\"@graph\":[{\"@type\":\"WebPage\",\"@id\":\"https:\/\/www.flyerswels.at\/portal\/interview-mit-unserem-obmann-michael-dittrich\/\",\"url\":\"https:\/\/www.flyerswels.at\/portal\/interview-mit-unserem-obmann-michael-dittrich\/\",\"name\":\"Interview mit unserem Obmann Michael Dittrich - FlyersWELS - Raiffeisen Flyers Wels\",\"isPartOf\":{\"@id\":\"https:\/\/www.flyerswels.at\/portal\/#website\"},\"primaryImageOfPage\":{\"@id\":\"https:\/\/www.flyerswels.at\/portal\/interview-mit-unserem-obmann-michael-dittrich\/#primaryimage\"},\"image\":{\"@id\":\"https:\/\/www.flyerswels.at\/portal\/interview-mit-unserem-obmann-michael-dittrich\/#primaryimage\"},\"thumbnailUrl\":\"https:\/\/www.flyerswels.at\/portal\/wp-content\/uploads\/2017\/09\/Website-News-Interview-1.jpg\",\"datePublished\":\"2017-09-22T17:18:36+00:00\",\"dateModified\":\"2017-09-22T17:31:59+00:00\",\"author\":{\"@id\":\"https:\/\/www.flyerswels.at\/portal\/#\/schema\/person\/5538a2e3a6c2fbb267cdc0fb0fe8a40a\"},\"breadcrumb\":{\"@id\":\"https:\/\/www.flyerswels.at\/portal\/interview-mit-unserem-obmann-michael-dittrich\/#breadcrumb\"},\"inLanguage\":\"de\",\"potentialAction\":[{\"@type\":\"ReadAction\",\"target\":[\"https:\/\/www.flyerswels.at\/portal\/interview-mit-unserem-obmann-michael-dittrich\/\"]}]},{\"@type\":\"ImageObject\",\"inLanguage\":\"de\",\"@id\":\"https:\/\/www.flyerswels.at\/portal\/interview-mit-unserem-obmann-michael-dittrich\/#primaryimage\",\"url\":\"https:\/\/www.flyerswels.at\/portal\/wp-content\/uploads\/2017\/09\/Website-News-Interview-1.jpg\",\"contentUrl\":\"https:\/\/www.flyerswels.at\/portal\/wp-content\/uploads\/2017\/09\/Website-News-Interview-1.jpg\",\"width\":750,\"height\":360},{\"@type\":\"BreadcrumbList\",\"@id\":\"https:\/\/www.flyerswels.at\/portal\/interview-mit-unserem-obmann-michael-dittrich\/#breadcrumb\",\"itemListElement\":[{\"@type\":\"ListItem\",\"position\":1,\"name\":\"Home\",\"item\":\"https:\/\/www.flyerswels.at\/portal\/homepage-2\/\"},{\"@type\":\"ListItem\",\"position\":2,\"name\":\"Interview mit unserem Obmann Michael Dittrich\"}]},{\"@type\":\"WebSite\",\"@id\":\"https:\/\/www.flyerswels.at\/portal\/#website\",\"url\":\"https:\/\/www.flyerswels.at\/portal\/\",\"name\":\"FlyersWELS - Raiffeisen Flyers Wels\",\"description\":\"Die Flyers Wels informieren mit Spielberichten, aktueller Tabelle, Termin\u00fcbersicht und Vorstellung des Kaders. Immer aktuelle News und Fotos.\",\"potentialAction\":[{\"@type\":\"SearchAction\",\"target\":{\"@type\":\"EntryPoint\",\"urlTemplate\":\"https:\/\/www.flyerswels.at\/portal\/?s={search_term_string}\"},\"query-input\":{\"@type\":\"PropertyValueSpecification\",\"valueRequired\":true,\"valueName\":\"search_term_string\"}}],\"inLanguage\":\"de\"},{\"@type\":\"Person\",\"@id\":\"https:\/\/www.flyerswels.at\/portal\/#\/schema\/person\/5538a2e3a6c2fbb267cdc0fb0fe8a40a\",\"name\":\"FlyersWels\",\"url\":\"https:\/\/www.flyerswels.at\/portal\/author\/flyerswels\/\"}]}<\/script>\n<!-- \/ Yoast SEO plugin. -->","yoast_head_json":{"title":"Interview mit unserem Obmann Michael Dittrich - FlyersWELS - Raiffeisen Flyers Wels","robots":{"index":"index","follow":"follow","max-snippet":"max-snippet:-1","max-image-preview":"max-image-preview:large","max-video-preview":"max-video-preview:-1"},"canonical":"https:\/\/www.flyerswels.at\/portal\/interview-mit-unserem-obmann-michael-dittrich\/","og_locale":"de_DE","og_type":"article","og_title":"Interview mit unserem Obmann Michael Dittrich - FlyersWELS - Raiffeisen Flyers Wels","og_description":"Wir haben unseren Obmann, Michael Dittrich, zum Interview gebeten. Der sympathische Familienmensch spricht \u00fcber seine Liebe zum Basketball, die Entstehung der Raiffeisen FLYERS Wels bis hin zu sportlichen Zielen mit seinem Verein:\u00a0 Michael, erz\u00e4hl uns bitte etwas zu deiner Person, wie bist du zum Basketball gekommen? Mein Name ist Michael Dittrich und bin 34 Jahre [&hellip;]","og_url":"https:\/\/www.flyerswels.at\/portal\/interview-mit-unserem-obmann-michael-dittrich\/","og_site_name":"FlyersWELS - Raiffeisen Flyers Wels","article_publisher":"https:\/\/www.facebook.com\/wbcwels\/","article_published_time":"2017-09-22T17:18:36+00:00","article_modified_time":"2017-09-22T17:31:59+00:00","og_image":[{"width":750,"height":360,"url":"https:\/\/www.flyerswels.at\/portal\/wp-content\/uploads\/2017\/09\/Website-News-Interview-1.jpg","type":"image\/jpeg"}],"author":"FlyersWels","twitter_card":"summary_large_image","twitter_misc":{"Verfasst von":"FlyersWels","Gesch\u00e4tzte Lesezeit":"3\u00a0Minuten"},"schema":{"@context":"https:\/\/schema.org","@graph":[{"@type":"WebPage","@id":"https:\/\/www.flyerswels.at\/portal\/interview-mit-unserem-obmann-michael-dittrich\/","url":"https:\/\/www.flyerswels.at\/portal\/interview-mit-unserem-obmann-michael-dittrich\/","name":"Interview mit unserem Obmann Michael Dittrich - FlyersWELS - Raiffeisen Flyers Wels","isPartOf":{"@id":"https:\/\/www.flyerswels.at\/portal\/#website"},"primaryImageOfPage":{"@id":"https:\/\/www.flyerswels.at\/portal\/interview-mit-unserem-obmann-michael-dittrich\/#primaryimage"},"image":{"@id":"https:\/\/www.flyerswels.at\/portal\/interview-mit-unserem-obmann-michael-dittrich\/#primaryimage"},"thumbnailUrl":"https:\/\/www.flyerswels.at\/portal\/wp-content\/uploads\/2017\/09\/Website-News-Interview-1.jpg","datePublished":"2017-09-22T17:18:36+00:00","dateModified":"2017-09-22T17:31:59+00:00","author":{"@id":"https:\/\/www.flyerswels.at\/portal\/#\/schema\/person\/5538a2e3a6c2fbb267cdc0fb0fe8a40a"},"breadcrumb":{"@id":"https:\/\/www.flyerswels.at\/portal\/interview-mit-unserem-obmann-michael-dittrich\/#breadcrumb"},"inLanguage":"de","potentialAction":[{"@type":"ReadAction","target":["https:\/\/www.flyerswels.at\/portal\/interview-mit-unserem-obmann-michael-dittrich\/"]}]},{"@type":"ImageObject","inLanguage":"de","@id":"https:\/\/www.flyerswels.at\/portal\/interview-mit-unserem-obmann-michael-dittrich\/#primaryimage","url":"https:\/\/www.flyerswels.at\/portal\/wp-content\/uploads\/2017\/09\/Website-News-Interview-1.jpg","contentUrl":"https:\/\/www.flyerswels.at\/portal\/wp-content\/uploads\/2017\/09\/Website-News-Interview-1.jpg","width":750,"height":360},{"@type":"BreadcrumbList","@id":"https:\/\/www.flyerswels.at\/portal\/interview-mit-unserem-obmann-michael-dittrich\/#breadcrumb","itemListElement":[{"@type":"ListItem","position":1,"name":"Home","item":"https:\/\/www.flyerswels.at\/portal\/homepage-2\/"},{"@type":"ListItem","position":2,"name":"Interview mit unserem Obmann Michael Dittrich"}]},{"@type":"WebSite","@id":"https:\/\/www.flyerswels.at\/portal\/#website","url":"https:\/\/www.flyerswels.at\/portal\/","name":"FlyersWELS - Raiffeisen Flyers Wels","description":"Die Flyers Wels informieren mit Spielberichten, aktueller Tabelle, Termin\u00fcbersicht und Vorstellung des Kaders. Immer aktuelle News und Fotos.","potentialAction":[{"@type":"SearchAction","target":{"@type":"EntryPoint","urlTemplate":"https:\/\/www.flyerswels.at\/portal\/?s={search_term_string}"},"query-input":{"@type":"PropertyValueSpecification","valueRequired":true,"valueName":"search_term_string"}}],"inLanguage":"de"},{"@type":"Person","@id":"https:\/\/www.flyerswels.at\/portal\/#\/schema\/person\/5538a2e3a6c2fbb267cdc0fb0fe8a40a","name":"FlyersWels","url":"https:\/\/www.flyerswels.at\/portal\/author\/flyerswels\/"}]}},"_links":{"self":[{"href":"https:\/\/www.flyerswels.at\/portal\/wp-json\/wp\/v2\/posts\/7402","targetHints":{"allow":["GET"]}}],"collection":[{"href":"https:\/\/www.flyerswels.at\/portal\/wp-json\/wp\/v2\/posts"}],"about":[{"href":"https:\/\/www.flyerswels.at\/portal\/wp-json\/wp\/v2\/types\/post"}],"author":[{"embeddable":true,"href":"https:\/\/www.flyerswels.at\/portal\/wp-json\/wp\/v2\/users\/14"}],"replies":[{"embeddable":true,"href":"https:\/\/www.flyerswels.at\/portal\/wp-json\/wp\/v2\/comments?post=7402"}],"version-history":[{"count":0,"href":"https:\/\/www.flyerswels.at\/portal\/wp-json\/wp\/v2\/posts\/7402\/revisions"}],"wp:featuredmedia":[{"embeddable":true,"href":"https:\/\/www.flyerswels.at\/portal\/wp-json\/wp\/v2\/media\/7406"}],"wp:attachment":[{"href":"https:\/\/www.flyerswels.at\/portal\/wp-json\/wp\/v2\/media?parent=7402"}],"wp:term":[{"taxonomy":"category","embeddable":true,"href":"https:\/\/www.flyerswels.at\/portal\/wp-json\/wp\/v2\/categories?post=7402"},{"taxonomy":"post_tag","embeddable":true,"href":"https:\/\/www.flyerswels.at\/portal\/wp-json\/wp\/v2\/tags?post=7402"}],"curies":[{"name":"wp","href":"https:\/\/api.w.org\/{rel}","templated":true}]}}