{"id":9752,"date":"2018-11-23T09:30:17","date_gmt":"2018-11-23T08:30:17","guid":{"rendered":"http:\/\/www.flyerswels.at\/portal\/?p=9752"},"modified":"2018-11-23T09:30:17","modified_gmt":"2018-11-23T08:30:17","slug":"vor-dem-derby-hat-das-cup-los-entschieden","status":"publish","type":"post","link":"https:\/\/www.flyerswels.at\/portal\/vor-dem-derby-hat-das-cup-los-entschieden\/","title":{"rendered":"Vor dem Derby hat das Cup-Los entschieden"},"content":{"rendered":"<p><strong>Am Sonntag, 25. November, um 17:00 Uhr steigt das Ober\u00f6sterreich Derby, die Gmunden Swans empfangen die Raiffeisen FLYERS Wels in der Volksbank Arena.\u00a0<\/strong><\/p>\n<p>Die personelle Ausgangslage der Raiffeisen FLYERS vor diesem Derby ist leider alles Andere als gut: Davor Lamesic und Demonte Flannigan sind aufgrund von Knieverletzungen \u00e4u\u00dferst fraglich, Benjamin Blazevic hat mit einem grippalen Infekt zu k\u00e4mpfen.<\/p>\n<p>Das klare Ziel der Raiffeisen FLYERS ist es, in welcher Besetzung auch immer, am Sonntag die Swans zu fordern. Wir hoffen dabei auf die Unterst\u00fctzung unserer Fans in Gmunden!<\/p>\n<p>&nbsp;<\/p>\n<p><strong>Infos zur Cup-Auslosung:<br \/>\n<\/strong>Noch vor der bevorstehenden FIBA-Break, hat das Cup-Los entschieden. Die Raiffeisen FLYERS Wels empfangen im <strong>Achtelfinale<\/strong> des ABL Cups die <strong>F\u00fcrstenfeld Panthers<\/strong> in der Raiffeisen Arena, Termin ist <strong>Donnerstag, 13. Dezember 2018<\/strong>,<strong> um 19:30 Uhr<\/strong>.<\/p>\n<p>&nbsp;<\/p>\n","protected":false},"excerpt":{"rendered":"<p>Am Sonntag, 25. November, um 17:00 Uhr steigt das Ober\u00f6sterreich Derby, die Gmunden Swans empfangen die Raiffeisen FLYERS Wels in der Volksbank Arena.\u00a0 Die personelle Ausgangslage der Raiffeisen FLYERS vor diesem Derby ist leider alles Andere als gut: Davor Lamesic und Demonte Flannigan sind aufgrund von Knieverletzungen \u00e4u\u00dferst fraglich, Benjamin Blazevic hat mit einem grippalen [&hellip;]<\/p>\n","protected":false},"author":14,"featured_media":9755,"comment_status":"closed","ping_status":"closed","sticky":false,"template":"","format":"standard","meta":{"footnotes":""},"categories":[395],"tags":[],"class_list":["post-9752","post","type-post","status-publish","format-standard","has-post-thumbnail","hentry","category-flyers-wels-news"],"yoast_head":"<!-- This site is optimized with the Yoast SEO plugin v26.0 - https:\/\/yoast.com\/wordpress\/plugins\/seo\/ -->\n<title>Vor dem Derby hat das Cup-Los entschieden - FlyersWELS - Raiffeisen Flyers Wels<\/title>\n<meta name=\"robots\" content=\"index, follow, max-snippet:-1, max-image-preview:large, max-video-preview:-1\" \/>\n<link rel=\"canonical\" href=\"https:\/\/www.flyerswels.at\/portal\/vor-dem-derby-hat-das-cup-los-entschieden\/\" \/>\n<meta property=\"og:locale\" content=\"de_DE\" \/>\n<meta property=\"og:type\" content=\"article\" \/>\n<meta property=\"og:title\" content=\"Vor dem Derby hat das Cup-Los entschieden - FlyersWELS - Raiffeisen Flyers Wels\" \/>\n<meta property=\"og:description\" content=\"Am Sonntag, 25. November, um 17:00 Uhr steigt das Ober\u00f6sterreich Derby, die Gmunden Swans empfangen die Raiffeisen FLYERS Wels in der Volksbank Arena.\u00a0 Die personelle Ausgangslage der Raiffeisen FLYERS vor diesem Derby ist leider alles Andere als gut: Davor Lamesic und Demonte Flannigan sind aufgrund von Knieverletzungen \u00e4u\u00dferst fraglich, Benjamin Blazevic hat mit einem grippalen [&hellip;]\" \/>\n<meta property=\"og:url\" content=\"https:\/\/www.flyerswels.at\/portal\/vor-dem-derby-hat-das-cup-los-entschieden\/\" \/>\n<meta property=\"og:site_name\" content=\"FlyersWELS - Raiffeisen Flyers Wels\" \/>\n<meta property=\"article:publisher\" content=\"https:\/\/www.facebook.com\/wbcwels\/\" \/>\n<meta property=\"article:published_time\" content=\"2018-11-23T08:30:17+00:00\" \/>\n<meta property=\"og:image\" content=\"https:\/\/www.flyerswels.at\/portal\/wp-content\/uploads\/2018\/11\/fb_ankuendigung25November.png\" \/>\n\t<meta property=\"og:image:width\" content=\"1600\" \/>\n\t<meta property=\"og:image:height\" content=\"836\" \/>\n\t<meta property=\"og:image:type\" content=\"image\/png\" \/>\n<meta name=\"author\" content=\"FlyersWels\" \/>\n<meta name=\"twitter:card\" content=\"summary_large_image\" \/>\n<meta name=\"twitter:label1\" content=\"Verfasst von\" \/>\n\t<meta name=\"twitter:data1\" content=\"FlyersWels\" \/>\n\t<meta name=\"twitter:label2\" content=\"Gesch\u00e4tzte Lesezeit\" \/>\n\t<meta name=\"twitter:data2\" content=\"1\u00a0Minute\" \/>\n<script type=\"application\/ld+json\" class=\"yoast-schema-graph\">{\"@context\":\"https:\/\/schema.org\",\"@graph\":[{\"@type\":\"WebPage\",\"@id\":\"https:\/\/www.flyerswels.at\/portal\/vor-dem-derby-hat-das-cup-los-entschieden\/\",\"url\":\"https:\/\/www.flyerswels.at\/portal\/vor-dem-derby-hat-das-cup-los-entschieden\/\",\"name\":\"Vor dem Derby hat das Cup-Los entschieden - FlyersWELS - Raiffeisen Flyers Wels\",\"isPartOf\":{\"@id\":\"https:\/\/www.flyerswels.at\/portal\/#website\"},\"primaryImageOfPage\":{\"@id\":\"https:\/\/www.flyerswels.at\/portal\/vor-dem-derby-hat-das-cup-los-entschieden\/#primaryimage\"},\"image\":{\"@id\":\"https:\/\/www.flyerswels.at\/portal\/vor-dem-derby-hat-das-cup-los-entschieden\/#primaryimage\"},\"thumbnailUrl\":\"https:\/\/www.flyerswels.at\/portal\/wp-content\/uploads\/2018\/11\/fb_ankuendigung25November.png\",\"datePublished\":\"2018-11-23T08:30:17+00:00\",\"author\":{\"@id\":\"https:\/\/www.flyerswels.at\/portal\/#\/schema\/person\/5538a2e3a6c2fbb267cdc0fb0fe8a40a\"},\"breadcrumb\":{\"@id\":\"https:\/\/www.flyerswels.at\/portal\/vor-dem-derby-hat-das-cup-los-entschieden\/#breadcrumb\"},\"inLanguage\":\"de\",\"potentialAction\":[{\"@type\":\"ReadAction\",\"target\":[\"https:\/\/www.flyerswels.at\/portal\/vor-dem-derby-hat-das-cup-los-entschieden\/\"]}]},{\"@type\":\"ImageObject\",\"inLanguage\":\"de\",\"@id\":\"https:\/\/www.flyerswels.at\/portal\/vor-dem-derby-hat-das-cup-los-entschieden\/#primaryimage\",\"url\":\"https:\/\/www.flyerswels.at\/portal\/wp-content\/uploads\/2018\/11\/fb_ankuendigung25November.png\",\"contentUrl\":\"https:\/\/www.flyerswels.at\/portal\/wp-content\/uploads\/2018\/11\/fb_ankuendigung25November.png\",\"width\":1600,\"height\":836},{\"@type\":\"BreadcrumbList\",\"@id\":\"https:\/\/www.flyerswels.at\/portal\/vor-dem-derby-hat-das-cup-los-entschieden\/#breadcrumb\",\"itemListElement\":[{\"@type\":\"ListItem\",\"position\":1,\"name\":\"Home\",\"item\":\"https:\/\/www.flyerswels.at\/portal\/homepage-2\/\"},{\"@type\":\"ListItem\",\"position\":2,\"name\":\"Vor dem Derby hat das Cup-Los entschieden\"}]},{\"@type\":\"WebSite\",\"@id\":\"https:\/\/www.flyerswels.at\/portal\/#website\",\"url\":\"https:\/\/www.flyerswels.at\/portal\/\",\"name\":\"FlyersWELS - Raiffeisen Flyers Wels\",\"description\":\"Die Flyers Wels informieren mit Spielberichten, aktueller Tabelle, Termin\u00fcbersicht und Vorstellung des Kaders. Immer aktuelle News und Fotos.\",\"potentialAction\":[{\"@type\":\"SearchAction\",\"target\":{\"@type\":\"EntryPoint\",\"urlTemplate\":\"https:\/\/www.flyerswels.at\/portal\/?s={search_term_string}\"},\"query-input\":{\"@type\":\"PropertyValueSpecification\",\"valueRequired\":true,\"valueName\":\"search_term_string\"}}],\"inLanguage\":\"de\"},{\"@type\":\"Person\",\"@id\":\"https:\/\/www.flyerswels.at\/portal\/#\/schema\/person\/5538a2e3a6c2fbb267cdc0fb0fe8a40a\",\"name\":\"FlyersWels\",\"url\":\"https:\/\/www.flyerswels.at\/portal\/author\/flyerswels\/\"}]}<\/script>\n<!-- \/ Yoast SEO plugin. -->","yoast_head_json":{"title":"Vor dem Derby hat das Cup-Los entschieden - FlyersWELS - Raiffeisen Flyers Wels","robots":{"index":"index","follow":"follow","max-snippet":"max-snippet:-1","max-image-preview":"max-image-preview:large","max-video-preview":"max-video-preview:-1"},"canonical":"https:\/\/www.flyerswels.at\/portal\/vor-dem-derby-hat-das-cup-los-entschieden\/","og_locale":"de_DE","og_type":"article","og_title":"Vor dem Derby hat das Cup-Los entschieden - FlyersWELS - Raiffeisen Flyers Wels","og_description":"Am Sonntag, 25. November, um 17:00 Uhr steigt das Ober\u00f6sterreich Derby, die Gmunden Swans empfangen die Raiffeisen FLYERS Wels in der Volksbank Arena.\u00a0 Die personelle Ausgangslage der Raiffeisen FLYERS vor diesem Derby ist leider alles Andere als gut: Davor Lamesic und Demonte Flannigan sind aufgrund von Knieverletzungen \u00e4u\u00dferst fraglich, Benjamin Blazevic hat mit einem grippalen [&hellip;]","og_url":"https:\/\/www.flyerswels.at\/portal\/vor-dem-derby-hat-das-cup-los-entschieden\/","og_site_name":"FlyersWELS - Raiffeisen Flyers Wels","article_publisher":"https:\/\/www.facebook.com\/wbcwels\/","article_published_time":"2018-11-23T08:30:17+00:00","og_image":[{"width":1600,"height":836,"url":"https:\/\/www.flyerswels.at\/portal\/wp-content\/uploads\/2018\/11\/fb_ankuendigung25November.png","type":"image\/png"}],"author":"FlyersWels","twitter_card":"summary_large_image","twitter_misc":{"Verfasst von":"FlyersWels","Gesch\u00e4tzte Lesezeit":"1\u00a0Minute"},"schema":{"@context":"https:\/\/schema.org","@graph":[{"@type":"WebPage","@id":"https:\/\/www.flyerswels.at\/portal\/vor-dem-derby-hat-das-cup-los-entschieden\/","url":"https:\/\/www.flyerswels.at\/portal\/vor-dem-derby-hat-das-cup-los-entschieden\/","name":"Vor dem Derby hat das Cup-Los entschieden - FlyersWELS - Raiffeisen Flyers Wels","isPartOf":{"@id":"https:\/\/www.flyerswels.at\/portal\/#website"},"primaryImageOfPage":{"@id":"https:\/\/www.flyerswels.at\/portal\/vor-dem-derby-hat-das-cup-los-entschieden\/#primaryimage"},"image":{"@id":"https:\/\/www.flyerswels.at\/portal\/vor-dem-derby-hat-das-cup-los-entschieden\/#primaryimage"},"thumbnailUrl":"https:\/\/www.flyerswels.at\/portal\/wp-content\/uploads\/2018\/11\/fb_ankuendigung25November.png","datePublished":"2018-11-23T08:30:17+00:00","author":{"@id":"https:\/\/www.flyerswels.at\/portal\/#\/schema\/person\/5538a2e3a6c2fbb267cdc0fb0fe8a40a"},"breadcrumb":{"@id":"https:\/\/www.flyerswels.at\/portal\/vor-dem-derby-hat-das-cup-los-entschieden\/#breadcrumb"},"inLanguage":"de","potentialAction":[{"@type":"ReadAction","target":["https:\/\/www.flyerswels.at\/portal\/vor-dem-derby-hat-das-cup-los-entschieden\/"]}]},{"@type":"ImageObject","inLanguage":"de","@id":"https:\/\/www.flyerswels.at\/portal\/vor-dem-derby-hat-das-cup-los-entschieden\/#primaryimage","url":"https:\/\/www.flyerswels.at\/portal\/wp-content\/uploads\/2018\/11\/fb_ankuendigung25November.png","contentUrl":"https:\/\/www.flyerswels.at\/portal\/wp-content\/uploads\/2018\/11\/fb_ankuendigung25November.png","width":1600,"height":836},{"@type":"BreadcrumbList","@id":"https:\/\/www.flyerswels.at\/portal\/vor-dem-derby-hat-das-cup-los-entschieden\/#breadcrumb","itemListElement":[{"@type":"ListItem","position":1,"name":"Home","item":"https:\/\/www.flyerswels.at\/portal\/homepage-2\/"},{"@type":"ListItem","position":2,"name":"Vor dem Derby hat das Cup-Los entschieden"}]},{"@type":"WebSite","@id":"https:\/\/www.flyerswels.at\/portal\/#website","url":"https:\/\/www.flyerswels.at\/portal\/","name":"FlyersWELS - Raiffeisen Flyers Wels","description":"Die Flyers Wels informieren mit Spielberichten, aktueller Tabelle, Termin\u00fcbersicht und Vorstellung des Kaders. Immer aktuelle News und Fotos.","potentialAction":[{"@type":"SearchAction","target":{"@type":"EntryPoint","urlTemplate":"https:\/\/www.flyerswels.at\/portal\/?s={search_term_string}"},"query-input":{"@type":"PropertyValueSpecification","valueRequired":true,"valueName":"search_term_string"}}],"inLanguage":"de"},{"@type":"Person","@id":"https:\/\/www.flyerswels.at\/portal\/#\/schema\/person\/5538a2e3a6c2fbb267cdc0fb0fe8a40a","name":"FlyersWels","url":"https:\/\/www.flyerswels.at\/portal\/author\/flyerswels\/"}]}},"_links":{"self":[{"href":"https:\/\/www.flyerswels.at\/portal\/wp-json\/wp\/v2\/posts\/9752","targetHints":{"allow":["GET"]}}],"collection":[{"href":"https:\/\/www.flyerswels.at\/portal\/wp-json\/wp\/v2\/posts"}],"about":[{"href":"https:\/\/www.flyerswels.at\/portal\/wp-json\/wp\/v2\/types\/post"}],"author":[{"embeddable":true,"href":"https:\/\/www.flyerswels.at\/portal\/wp-json\/wp\/v2\/users\/14"}],"replies":[{"embeddable":true,"href":"https:\/\/www.flyerswels.at\/portal\/wp-json\/wp\/v2\/comments?post=9752"}],"version-history":[{"count":0,"href":"https:\/\/www.flyerswels.at\/portal\/wp-json\/wp\/v2\/posts\/9752\/revisions"}],"wp:featuredmedia":[{"embeddable":true,"href":"https:\/\/www.flyerswels.at\/portal\/wp-json\/wp\/v2\/media\/9755"}],"wp:attachment":[{"href":"https:\/\/www.flyerswels.at\/portal\/wp-json\/wp\/v2\/media?parent=9752"}],"wp:term":[{"taxonomy":"category","embeddable":true,"href":"https:\/\/www.flyerswels.at\/portal\/wp-json\/wp\/v2\/categories?post=9752"},{"taxonomy":"post_tag","embeddable":true,"href":"https:\/\/www.flyerswels.at\/portal\/wp-json\/wp\/v2\/tags?post=9752"}],"curies":[{"name":"wp","href":"https:\/\/api.w.org\/{rel}","templated":true}]}}