{"id":9900,"date":"2018-12-31T15:22:10","date_gmt":"2018-12-31T14:22:10","guid":{"rendered":"http:\/\/www.flyerswels.at\/portal\/?p=9900"},"modified":"2018-12-31T15:22:10","modified_gmt":"2018-12-31T14:22:10","slug":"heimspieltag-abl-und-2bl-zum-jahresauftakt","status":"publish","type":"post","link":"https:\/\/www.flyerswels.at\/portal\/heimspieltag-abl-und-2bl-zum-jahresauftakt\/","title":{"rendered":"Heimspieltag ABL und 2BL zum Jahresauftakt"},"content":{"rendered":"<p>Die Raiffeisen FLYERS Wels bedanken sich bei all ihren Fans, Sponsoren, ehrenamtlichen Mitarbeitern und Mitgliedern f\u00fcr die Unterst\u00fctzung in 2018 und w\u00fcnschen einen guten Rutsch ins neue Jahr!<\/p>\n<p><strong>Zum Jahresauftakt gibt es am 6. J\u00e4nner 2019 ein besonderes Event in der Raiffeisen Arena &#8211; ein Heimspieltag von Zweiter Basketball Bundesliga und Admiral Basketball Bundesliga. Um 14:30 Uhr startet unserer Kooperationspartner BBU Salzburg mit seinem &#8220;Heimspiel&#8221; gegen die Deutsch Wagram Alligators. Die Raiffeisen FLYERS Wels folgen um 17:00 Uhr mit der Partie gegen die Klosterneuburg Dukes.<\/strong><\/p>\n<p>Dauerkarten von BBU und FLYERS gelten jeweils bei beiden Spielen. Tagestickets, die f\u00fcr eine der beiden Begegnungen erworben werden, sind ebenfalls f\u00fcr beide Partien g\u00fcltig.<\/p>\n<p>Wir freuen uns auf eine volle Raiffeisen Arena und hoffen, dass viele Fans das tolle Angebot nutzen und beide Spiele besuchen!<\/p>\n","protected":false},"excerpt":{"rendered":"<p>Die Raiffeisen FLYERS Wels bedanken sich bei all ihren Fans, Sponsoren, ehrenamtlichen Mitarbeitern und Mitgliedern f\u00fcr die Unterst\u00fctzung in 2018 und w\u00fcnschen einen guten Rutsch ins neue Jahr! Zum Jahresauftakt gibt es am 6. J\u00e4nner 2019 ein besonderes Event in der Raiffeisen Arena &#8211; ein Heimspieltag von Zweiter Basketball Bundesliga und Admiral Basketball Bundesliga. Um [&hellip;]<\/p>\n","protected":false},"author":14,"featured_media":9901,"comment_status":"closed","ping_status":"closed","sticky":false,"template":"","format":"standard","meta":{"footnotes":""},"categories":[395],"tags":[],"class_list":["post-9900","post","type-post","status-publish","format-standard","has-post-thumbnail","hentry","category-flyers-wels-news"],"yoast_head":"<!-- This site is optimized with the Yoast SEO plugin v26.0 - https:\/\/yoast.com\/wordpress\/plugins\/seo\/ -->\n<title>Heimspieltag ABL und 2BL zum Jahresauftakt - FlyersWELS - Raiffeisen Flyers Wels<\/title>\n<meta name=\"robots\" content=\"index, follow, max-snippet:-1, max-image-preview:large, max-video-preview:-1\" \/>\n<link rel=\"canonical\" href=\"https:\/\/www.flyerswels.at\/portal\/heimspieltag-abl-und-2bl-zum-jahresauftakt\/\" \/>\n<meta property=\"og:locale\" content=\"de_DE\" \/>\n<meta property=\"og:type\" content=\"article\" \/>\n<meta property=\"og:title\" content=\"Heimspieltag ABL und 2BL zum Jahresauftakt - FlyersWELS - Raiffeisen Flyers Wels\" \/>\n<meta property=\"og:description\" content=\"Die Raiffeisen FLYERS Wels bedanken sich bei all ihren Fans, Sponsoren, ehrenamtlichen Mitarbeitern und Mitgliedern f\u00fcr die Unterst\u00fctzung in 2018 und w\u00fcnschen einen guten Rutsch ins neue Jahr! Zum Jahresauftakt gibt es am 6. J\u00e4nner 2019 ein besonderes Event in der Raiffeisen Arena &#8211; ein Heimspieltag von Zweiter Basketball Bundesliga und Admiral Basketball Bundesliga. Um [&hellip;]\" \/>\n<meta property=\"og:url\" content=\"https:\/\/www.flyerswels.at\/portal\/heimspieltag-abl-und-2bl-zum-jahresauftakt\/\" \/>\n<meta property=\"og:site_name\" content=\"FlyersWELS - Raiffeisen Flyers Wels\" \/>\n<meta property=\"article:publisher\" content=\"https:\/\/www.facebook.com\/wbcwels\/\" \/>\n<meta property=\"article:published_time\" content=\"2018-12-31T14:22:10+00:00\" \/>\n<meta property=\"og:image\" content=\"https:\/\/www.flyerswels.at\/portal\/wp-content\/uploads\/2018\/12\/Website-News-Picture-Heimspieltag.jpg\" \/>\n\t<meta property=\"og:image:width\" content=\"750\" \/>\n\t<meta property=\"og:image:height\" content=\"360\" \/>\n\t<meta property=\"og:image:type\" content=\"image\/jpeg\" \/>\n<meta name=\"author\" content=\"FlyersWels\" \/>\n<meta name=\"twitter:card\" content=\"summary_large_image\" \/>\n<meta name=\"twitter:label1\" content=\"Verfasst von\" \/>\n\t<meta name=\"twitter:data1\" content=\"FlyersWels\" \/>\n\t<meta name=\"twitter:label2\" content=\"Gesch\u00e4tzte Lesezeit\" \/>\n\t<meta name=\"twitter:data2\" content=\"1\u00a0Minute\" \/>\n<script type=\"application\/ld+json\" class=\"yoast-schema-graph\">{\"@context\":\"https:\/\/schema.org\",\"@graph\":[{\"@type\":\"WebPage\",\"@id\":\"https:\/\/www.flyerswels.at\/portal\/heimspieltag-abl-und-2bl-zum-jahresauftakt\/\",\"url\":\"https:\/\/www.flyerswels.at\/portal\/heimspieltag-abl-und-2bl-zum-jahresauftakt\/\",\"name\":\"Heimspieltag ABL und 2BL zum Jahresauftakt - FlyersWELS - Raiffeisen Flyers Wels\",\"isPartOf\":{\"@id\":\"https:\/\/www.flyerswels.at\/portal\/#website\"},\"primaryImageOfPage\":{\"@id\":\"https:\/\/www.flyerswels.at\/portal\/heimspieltag-abl-und-2bl-zum-jahresauftakt\/#primaryimage\"},\"image\":{\"@id\":\"https:\/\/www.flyerswels.at\/portal\/heimspieltag-abl-und-2bl-zum-jahresauftakt\/#primaryimage\"},\"thumbnailUrl\":\"https:\/\/www.flyerswels.at\/portal\/wp-content\/uploads\/2018\/12\/Website-News-Picture-Heimspieltag.jpg\",\"datePublished\":\"2018-12-31T14:22:10+00:00\",\"author\":{\"@id\":\"https:\/\/www.flyerswels.at\/portal\/#\/schema\/person\/5538a2e3a6c2fbb267cdc0fb0fe8a40a\"},\"breadcrumb\":{\"@id\":\"https:\/\/www.flyerswels.at\/portal\/heimspieltag-abl-und-2bl-zum-jahresauftakt\/#breadcrumb\"},\"inLanguage\":\"de\",\"potentialAction\":[{\"@type\":\"ReadAction\",\"target\":[\"https:\/\/www.flyerswels.at\/portal\/heimspieltag-abl-und-2bl-zum-jahresauftakt\/\"]}]},{\"@type\":\"ImageObject\",\"inLanguage\":\"de\",\"@id\":\"https:\/\/www.flyerswels.at\/portal\/heimspieltag-abl-und-2bl-zum-jahresauftakt\/#primaryimage\",\"url\":\"https:\/\/www.flyerswels.at\/portal\/wp-content\/uploads\/2018\/12\/Website-News-Picture-Heimspieltag.jpg\",\"contentUrl\":\"https:\/\/www.flyerswels.at\/portal\/wp-content\/uploads\/2018\/12\/Website-News-Picture-Heimspieltag.jpg\",\"width\":750,\"height\":360},{\"@type\":\"BreadcrumbList\",\"@id\":\"https:\/\/www.flyerswels.at\/portal\/heimspieltag-abl-und-2bl-zum-jahresauftakt\/#breadcrumb\",\"itemListElement\":[{\"@type\":\"ListItem\",\"position\":1,\"name\":\"Home\",\"item\":\"https:\/\/www.flyerswels.at\/portal\/homepage-2\/\"},{\"@type\":\"ListItem\",\"position\":2,\"name\":\"Heimspieltag ABL und 2BL zum Jahresauftakt\"}]},{\"@type\":\"WebSite\",\"@id\":\"https:\/\/www.flyerswels.at\/portal\/#website\",\"url\":\"https:\/\/www.flyerswels.at\/portal\/\",\"name\":\"FlyersWELS - Raiffeisen Flyers Wels\",\"description\":\"Die Flyers Wels informieren mit Spielberichten, aktueller Tabelle, Termin\u00fcbersicht und Vorstellung des Kaders. Immer aktuelle News und Fotos.\",\"potentialAction\":[{\"@type\":\"SearchAction\",\"target\":{\"@type\":\"EntryPoint\",\"urlTemplate\":\"https:\/\/www.flyerswels.at\/portal\/?s={search_term_string}\"},\"query-input\":{\"@type\":\"PropertyValueSpecification\",\"valueRequired\":true,\"valueName\":\"search_term_string\"}}],\"inLanguage\":\"de\"},{\"@type\":\"Person\",\"@id\":\"https:\/\/www.flyerswels.at\/portal\/#\/schema\/person\/5538a2e3a6c2fbb267cdc0fb0fe8a40a\",\"name\":\"FlyersWels\",\"url\":\"https:\/\/www.flyerswels.at\/portal\/author\/flyerswels\/\"}]}<\/script>\n<!-- \/ Yoast SEO plugin. -->","yoast_head_json":{"title":"Heimspieltag ABL und 2BL zum Jahresauftakt - FlyersWELS - Raiffeisen Flyers Wels","robots":{"index":"index","follow":"follow","max-snippet":"max-snippet:-1","max-image-preview":"max-image-preview:large","max-video-preview":"max-video-preview:-1"},"canonical":"https:\/\/www.flyerswels.at\/portal\/heimspieltag-abl-und-2bl-zum-jahresauftakt\/","og_locale":"de_DE","og_type":"article","og_title":"Heimspieltag ABL und 2BL zum Jahresauftakt - FlyersWELS - Raiffeisen Flyers Wels","og_description":"Die Raiffeisen FLYERS Wels bedanken sich bei all ihren Fans, Sponsoren, ehrenamtlichen Mitarbeitern und Mitgliedern f\u00fcr die Unterst\u00fctzung in 2018 und w\u00fcnschen einen guten Rutsch ins neue Jahr! Zum Jahresauftakt gibt es am 6. J\u00e4nner 2019 ein besonderes Event in der Raiffeisen Arena &#8211; ein Heimspieltag von Zweiter Basketball Bundesliga und Admiral Basketball Bundesliga. Um [&hellip;]","og_url":"https:\/\/www.flyerswels.at\/portal\/heimspieltag-abl-und-2bl-zum-jahresauftakt\/","og_site_name":"FlyersWELS - Raiffeisen Flyers Wels","article_publisher":"https:\/\/www.facebook.com\/wbcwels\/","article_published_time":"2018-12-31T14:22:10+00:00","og_image":[{"width":750,"height":360,"url":"https:\/\/www.flyerswels.at\/portal\/wp-content\/uploads\/2018\/12\/Website-News-Picture-Heimspieltag.jpg","type":"image\/jpeg"}],"author":"FlyersWels","twitter_card":"summary_large_image","twitter_misc":{"Verfasst von":"FlyersWels","Gesch\u00e4tzte Lesezeit":"1\u00a0Minute"},"schema":{"@context":"https:\/\/schema.org","@graph":[{"@type":"WebPage","@id":"https:\/\/www.flyerswels.at\/portal\/heimspieltag-abl-und-2bl-zum-jahresauftakt\/","url":"https:\/\/www.flyerswels.at\/portal\/heimspieltag-abl-und-2bl-zum-jahresauftakt\/","name":"Heimspieltag ABL und 2BL zum Jahresauftakt - FlyersWELS - Raiffeisen Flyers Wels","isPartOf":{"@id":"https:\/\/www.flyerswels.at\/portal\/#website"},"primaryImageOfPage":{"@id":"https:\/\/www.flyerswels.at\/portal\/heimspieltag-abl-und-2bl-zum-jahresauftakt\/#primaryimage"},"image":{"@id":"https:\/\/www.flyerswels.at\/portal\/heimspieltag-abl-und-2bl-zum-jahresauftakt\/#primaryimage"},"thumbnailUrl":"https:\/\/www.flyerswels.at\/portal\/wp-content\/uploads\/2018\/12\/Website-News-Picture-Heimspieltag.jpg","datePublished":"2018-12-31T14:22:10+00:00","author":{"@id":"https:\/\/www.flyerswels.at\/portal\/#\/schema\/person\/5538a2e3a6c2fbb267cdc0fb0fe8a40a"},"breadcrumb":{"@id":"https:\/\/www.flyerswels.at\/portal\/heimspieltag-abl-und-2bl-zum-jahresauftakt\/#breadcrumb"},"inLanguage":"de","potentialAction":[{"@type":"ReadAction","target":["https:\/\/www.flyerswels.at\/portal\/heimspieltag-abl-und-2bl-zum-jahresauftakt\/"]}]},{"@type":"ImageObject","inLanguage":"de","@id":"https:\/\/www.flyerswels.at\/portal\/heimspieltag-abl-und-2bl-zum-jahresauftakt\/#primaryimage","url":"https:\/\/www.flyerswels.at\/portal\/wp-content\/uploads\/2018\/12\/Website-News-Picture-Heimspieltag.jpg","contentUrl":"https:\/\/www.flyerswels.at\/portal\/wp-content\/uploads\/2018\/12\/Website-News-Picture-Heimspieltag.jpg","width":750,"height":360},{"@type":"BreadcrumbList","@id":"https:\/\/www.flyerswels.at\/portal\/heimspieltag-abl-und-2bl-zum-jahresauftakt\/#breadcrumb","itemListElement":[{"@type":"ListItem","position":1,"name":"Home","item":"https:\/\/www.flyerswels.at\/portal\/homepage-2\/"},{"@type":"ListItem","position":2,"name":"Heimspieltag ABL und 2BL zum Jahresauftakt"}]},{"@type":"WebSite","@id":"https:\/\/www.flyerswels.at\/portal\/#website","url":"https:\/\/www.flyerswels.at\/portal\/","name":"FlyersWELS - Raiffeisen Flyers Wels","description":"Die Flyers Wels informieren mit Spielberichten, aktueller Tabelle, Termin\u00fcbersicht und Vorstellung des Kaders. Immer aktuelle News und Fotos.","potentialAction":[{"@type":"SearchAction","target":{"@type":"EntryPoint","urlTemplate":"https:\/\/www.flyerswels.at\/portal\/?s={search_term_string}"},"query-input":{"@type":"PropertyValueSpecification","valueRequired":true,"valueName":"search_term_string"}}],"inLanguage":"de"},{"@type":"Person","@id":"https:\/\/www.flyerswels.at\/portal\/#\/schema\/person\/5538a2e3a6c2fbb267cdc0fb0fe8a40a","name":"FlyersWels","url":"https:\/\/www.flyerswels.at\/portal\/author\/flyerswels\/"}]}},"_links":{"self":[{"href":"https:\/\/www.flyerswels.at\/portal\/wp-json\/wp\/v2\/posts\/9900","targetHints":{"allow":["GET"]}}],"collection":[{"href":"https:\/\/www.flyerswels.at\/portal\/wp-json\/wp\/v2\/posts"}],"about":[{"href":"https:\/\/www.flyerswels.at\/portal\/wp-json\/wp\/v2\/types\/post"}],"author":[{"embeddable":true,"href":"https:\/\/www.flyerswels.at\/portal\/wp-json\/wp\/v2\/users\/14"}],"replies":[{"embeddable":true,"href":"https:\/\/www.flyerswels.at\/portal\/wp-json\/wp\/v2\/comments?post=9900"}],"version-history":[{"count":0,"href":"https:\/\/www.flyerswels.at\/portal\/wp-json\/wp\/v2\/posts\/9900\/revisions"}],"wp:featuredmedia":[{"embeddable":true,"href":"https:\/\/www.flyerswels.at\/portal\/wp-json\/wp\/v2\/media\/9901"}],"wp:attachment":[{"href":"https:\/\/www.flyerswels.at\/portal\/wp-json\/wp\/v2\/media?parent=9900"}],"wp:term":[{"taxonomy":"category","embeddable":true,"href":"https:\/\/www.flyerswels.at\/portal\/wp-json\/wp\/v2\/categories?post=9900"},{"taxonomy":"post_tag","embeddable":true,"href":"https:\/\/www.flyerswels.at\/portal\/wp-json\/wp\/v2\/tags?post=9900"}],"curies":[{"name":"wp","href":"https:\/\/api.w.org\/{rel}","templated":true}]}}